{"id":80439,"date":"2019-02-25T09:21:51","date_gmt":"2019-02-25T08:21:51","guid":{"rendered":"https:\/\/www.silene.ong\/uncategorized\/tecnocracy-ecosophy-and-the-encounter-of-the-intangible-dimension-of-nature"},"modified":"2021-02-19T04:59:04","modified_gmt":"2021-02-19T03:59:04","slug":"tecnocracy-ecosophy-and-the-encounter-of-the-intangible-dimension-of-nature","status":"publish","type":"post","link":"https:\/\/www.silene.ong\/en\/news\/tecnocracy-ecosophy-and-the-encounter-of-the-intangible-dimension-of-nature","title":{"rendered":"Tecnocracy, ecosophy and the encounter of the intangible dimension of nature"},"content":{"rendered":"<p>On Friday, February 15, at 7 pm, in the Degree Hall of the Faculty of Arts, Jordi Pigem, PhD philosopher and professor of the postgraduate, will give the inaugural lecture of the fourth edition of the Postgraduate in Significance and Spiritual Values \u200b\u200bof the Nature, which is titled: Tecnocracy, Ecosophy and the encounter of the intangible dimension of nature.<\/p>\n<p><a href=\"https:\/\/ca.wikipedia.org\/wiki\/Jordi_Pigem\" target=\"_blank\" rel=\"noopener\">Jordi Pigem<\/a> is author, among others, of the book Angels and robots. The human interiority in the hyper-technological era, which won the Joan Maragall Foundation&#8217;s essay award in 2016. The book was published by Viena Edicions and the Joan Maragall Foundation, with an epilogue of the physicist-poet David Jou in 2017; and in the reviewed Spanish version by the Fragmenta publishing house in 2019.<\/p>\n<p>On the same day, at 4 in the afternoon, the boardroom of the Faculty of Arts of the University of Girona (Campus Barri vell), the director, Josep Maria Mallarach, and the coordinator, Josep Gordi, will present the approach , the professors and the program of the postgraduate course. Although this session is aimed at enrolled students, it is open to other interested people.<\/p>\n<p>Related news:<\/p>\n<p><a href=\"https:\/\/www.silene.ong\/noticies\/simposi-ecosofia-i-la-intuicio-cosmoteandrica-raimon-panikkar-barcelona-1-i-2-de-setembre-de-2018\" target=\"_blank\" rel=\"noopener\">Ecosofia i la intu\u00efci\u00f3 cosmote\u00e0ndrica &#8211; Raimon Panikkar. Barcelona 2018.<\/a><\/p>\n<!--themify_builder_content-->\n<div id=\"themify_builder_content-80439\" data-postid=\"80439\" class=\"themify_builder_content themify_builder_content-80439 themify_builder tf_clear\">\n    <\/div>\n<!--\/themify_builder_content-->\n","protected":false},"excerpt":{"rendered":"<p>On Friday, February 15, at 7 pm, in the Degree Hall of the Faculty of Arts, Jordi Pigem,&#8230;<\/p>\n","protected":false},"author":7,"featured_media":74552,"comment_status":"closed","ping_status":"closed","sticky":false,"template":"","format":"standard","meta":{"_acf_changed":false,"footnotes":""},"categories":[130],"tags":[301,258],"class_list":["post-80439","post","type-post","status-publish","format-standard","has-post-thumbnail","hentry","category-news","tag-spiritual-values","tag-worldview","has-post-title","has-post-date","has-post-category","has-post-tag","has-post-comment","has-post-author",""],"acf":[],"_links":{"self":[{"href":"https:\/\/www.silene.ong\/en\/wp-json\/wp\/v2\/posts\/80439","targetHints":{"allow":["GET"]}}],"collection":[{"href":"https:\/\/www.silene.ong\/en\/wp-json\/wp\/v2\/posts"}],"about":[{"href":"https:\/\/www.silene.ong\/en\/wp-json\/wp\/v2\/types\/post"}],"author":[{"embeddable":true,"href":"https:\/\/www.silene.ong\/en\/wp-json\/wp\/v2\/users\/7"}],"replies":[{"embeddable":true,"href":"https:\/\/www.silene.ong\/en\/wp-json\/wp\/v2\/comments?post=80439"}],"version-history":[{"count":4,"href":"https:\/\/www.silene.ong\/en\/wp-json\/wp\/v2\/posts\/80439\/revisions"}],"predecessor-version":[{"id":86888,"href":"https:\/\/www.silene.ong\/en\/wp-json\/wp\/v2\/posts\/80439\/revisions\/86888"}],"wp:featuredmedia":[{"embeddable":true,"href":"https:\/\/www.silene.ong\/en\/wp-json\/wp\/v2\/media\/74552"}],"wp:attachment":[{"href":"https:\/\/www.silene.ong\/en\/wp-json\/wp\/v2\/media?parent=80439"}],"wp:term":[{"taxonomy":"category","embeddable":true,"href":"https:\/\/www.silene.ong\/en\/wp-json\/wp\/v2\/categories?post=80439"},{"taxonomy":"post_tag","embeddable":true,"href":"https:\/\/www.silene.ong\/en\/wp-json\/wp\/v2\/tags?post=80439"}],"curies":[{"name":"wp","href":"https:\/\/api.w.org\/{rel}","templated":true}]}}