{"id":100415,"date":"2020-08-21T16:49:45","date_gmt":"2020-08-21T15:49:45","guid":{"rendered":"https:\/\/www.silene.ong\/sin-categorizar\/earth-overshoot-day-indicador-de-sostenibilitat-i-equitat-intergeneracional"},"modified":"2022-02-26T19:56:44","modified_gmt":"2022-02-26T18:56:44","slug":"earth-overshoot-day-indicador-de-sostenibilitat-i-equitat-intergeneracional","status":"publish","type":"post","link":"https:\/\/www.silene.ong\/es\/noticias\/earth-overshoot-day-indicador-de-sostenibilitat-i-equitat-intergeneracional","title":{"rendered":"El D\u00eda de la Extralimitaci\u00f3n: indicador de sostenibilidad y equidad intergeneracional"},"content":{"rendered":"<p>El 22 de agosto es la fecha que se ha calculado que corresponde al D\u00eda de la Extralimitaci\u00f3n (<a href=\"https:\/\/www.overshootday.org\/\" target=\"_blank\" rel=\"noopener\">Earth Overshoot Day<\/a>) este a\u00f1o, un indicador vinculado a la Huella Ecol\u00f3gica, que calcula el d\u00eda del a\u00f1o en que la humanidad empieza a utilizar m\u00e1s recursos naturales de los que nuestra Madre Tierra puede producir cada a\u00f1o de una manera sostenible. Es decir, cuando laextralimitaci\u00f3n del consumo genera deuda ecol\u00f3gica y provoca aniquilaci\u00f3n de biodiversidad, destrucci\u00f3n irreversible de suelos, agotamiento de recursos, etc., y por consiguiente, empobrecimiento para las generaciones futuras.<\/p>\n<p>La buena noticia de este a\u00f1o es que, debido al confinamiento que ha afectado muchos de los pa\u00edses m\u00e1s consumidores del mundo, la fecha de la extralimitaci\u00f3n global se ha retrasado tres semanas respecto 2019, cuando fue el 1 de agosto. Sin embargo, es un cambio peque\u00f1o. Adem\u00e1s, la responsabilidad de la insostenibilidad global se reparte muy desigualmente. Nosotros formamos parte de los pa\u00edses m\u00e1s consumidores del mundo, del 20% de la humanidad que consume m\u00e1s del 80% de los recursos naturales de la Madre Tierra. A pesar de la crisis asociada al confinamiento, la ca\u00edda de consumo asociada, el derrumbe del PIB, etc, se ha calculado que la fecha del <a href=\"https:\/\/www.overshootday.org\/newsroom\/country-overshoot-days\/\" target=\"_blank\" rel=\"noopener\">Earth Overshoot Day<\/a> de Espa\u00f1a fue el 27 de mayo, en M\u00e9xico el 17 de agosto y en Ecuador el 14 de ciciembre. Indicadores elocuentes de la grandes diferencias de equidad intergeneracional entre dichos pa\u00edses, efecto del sistema econ\u00f3mico en el que est\u00e1n inmersos. \u00bfSeremos capaces de mantener la tendencia positiva de este a\u00f1o, reduciendo gradualmente el consumo de recursos materiales durante los pr\u00f3ximos a\u00f1os?, o \u00bfser\u00e1 \u00e9sta una inflexi\u00f3n transitoria?<\/p>\n<!--themify_builder_content-->\n<div id=\"themify_builder_content-100415\" data-postid=\"100415\" class=\"themify_builder_content themify_builder_content-100415 themify_builder tf_clear\">\n    <\/div>\n<!--\/themify_builder_content-->\n","protected":false},"excerpt":{"rendered":"<p>El 22 de agosto es la fecha que se ha calculado que corresponde al D\u00eda de la Extralimitaci\u00f3n&#8230;<\/p>\n","protected":false},"author":7,"featured_media":100444,"comment_status":"closed","ping_status":"closed","sticky":false,"template":"","format":"standard","meta":{"_acf_changed":false,"footnotes":""},"categories":[132],"tags":[260,428,275],"class_list":["post-100415","post","type-post","status-publish","format-standard","has-post-thumbnail","hentry","category-noticias","tag-crisis-ecologica","tag-declaraciones-de-silene","tag-etica-es","has-post-title","has-post-date","has-post-category","has-post-tag","has-post-comment","has-post-author",""],"acf":[],"_links":{"self":[{"href":"https:\/\/www.silene.ong\/es\/wp-json\/wp\/v2\/posts\/100415","targetHints":{"allow":["GET"]}}],"collection":[{"href":"https:\/\/www.silene.ong\/es\/wp-json\/wp\/v2\/posts"}],"about":[{"href":"https:\/\/www.silene.ong\/es\/wp-json\/wp\/v2\/types\/post"}],"author":[{"embeddable":true,"href":"https:\/\/www.silene.ong\/es\/wp-json\/wp\/v2\/users\/7"}],"replies":[{"embeddable":true,"href":"https:\/\/www.silene.ong\/es\/wp-json\/wp\/v2\/comments?post=100415"}],"version-history":[{"count":10,"href":"https:\/\/www.silene.ong\/es\/wp-json\/wp\/v2\/posts\/100415\/revisions"}],"predecessor-version":[{"id":107526,"href":"https:\/\/www.silene.ong\/es\/wp-json\/wp\/v2\/posts\/100415\/revisions\/107526"}],"wp:featuredmedia":[{"embeddable":true,"href":"https:\/\/www.silene.ong\/es\/wp-json\/wp\/v2\/media\/100444"}],"wp:attachment":[{"href":"https:\/\/www.silene.ong\/es\/wp-json\/wp\/v2\/media?parent=100415"}],"wp:term":[{"taxonomy":"category","embeddable":true,"href":"https:\/\/www.silene.ong\/es\/wp-json\/wp\/v2\/categories?post=100415"},{"taxonomy":"post_tag","embeddable":true,"href":"https:\/\/www.silene.ong\/es\/wp-json\/wp\/v2\/tags?post=100415"}],"curies":[{"name":"wp","href":"https:\/\/api.w.org\/{rel}","templated":true}]}}