{"id":102382,"date":"2021-03-03T16:57:55","date_gmt":"2021-03-03T15:57:55","guid":{"rendered":"https:\/\/www.silene.ong\/?p=102382"},"modified":"2021-11-26T11:34:55","modified_gmt":"2021-11-26T10:34:55","slug":"gaaru-the-growing-african-movement-for-earth-jurisprudence","status":"publish","type":"post","link":"https:\/\/www.silene.ong\/es\/centro-de-documentacion\/videograficos\/gaaru-the-growing-african-movement-for-earth-jurisprudence","title":{"rendered":"Gaar\u00fa: The growing African Movement for Earth Jurisprudence"},"content":{"rendered":"<p>La Jurisprudencia de la Tierra reconoce que la Tierra est\u00e1 incrustada en un Universo ordenado y legal. Nuestra Tierra sostiene de manera \u00fanica la vida tal como la conocemos a trav\u00e9s de un complejo sistema de procesos y leyes vivientes, como un organismo planetario autorregulado. Todas las especies, incluidos los humanos, est\u00e1n inextricablemente sujetas a estas leyes y procesos. Se trata, por lo tanto, de una filosof\u00eda, una forma de ver y relacionarse con el mundo viviente del que hemos evolucionado, con el debido respeto y humildad. Nos permite reconocer que la suposici\u00f3n dominante que sustenta el modelo de crecimiento industrial, que los humanos son superiores y pueden extraer de la vida sin cesar, es err\u00f3nea y peligrosa. Ahora estamos viviendo las consecuencias de esta creencia inflada, mientras enfrentamos el caos de m\u00faltiples crisis ecol\u00f3gicas, clim\u00e1ticas y sociales interconectadas a escala planetaria.<\/p>\n<p>El ant\u00eddoto para esta concepci\u00f3n arrogante de nosotros mismos es transformar de manera concertada nuestra forma de pensar de la lente antropoc\u00e9ntrica o centrada en el ser humano dominante a una comprensi\u00f3n centrada en la Tierra de c\u00f3mo podemos conducir nuestras vidas en una relaci\u00f3n mutuamente mejorada con aquellos con quienes tenemos coevolucionado.<\/p>\n<p>En los \u00faltimos a\u00f1os ha habido una oleada mundial bienvenida en el reconocimiento de la Jurisprudencia de la Tierra, que va desde los di\u00e1logos de Armon\u00eda con la Naturaleza de las Naciones Unidas, hasta la Uni\u00f3n Internacional para la Conservaci\u00f3n de la Naturaleza (UICN) y la Comisi\u00f3n Africana de Derechos Humanos y de los Pueblos, como as\u00ed como un n\u00famero creciente de precedentes que reconocen los sistemas de gobernanza consuetudinaria centrados en la Tierra y los Derechos de la Naturaleza.<\/p>\n<p>Este breve documental analiza los cursos de formaci\u00f3n en jurisprudencia de la Tierra en \u00c1frica Central, con el objetivo de establecer pol\u00edticas para reconocer la gobernanza centrada en la Tierra. Gaar\u00fa es una pel\u00edcula sobre las personas inspiradoras que vuelven a tejer las conexiones entre la cultura y la naturaleza en \u00c1frica. Sigue a los l\u00edderes africanos de base que trabajan para proteger y restaurar las tierras, las aguas, los bosques y el conocimiento ecol\u00f3gico de \u00c1frica de sus pueblos. Provenientes de todo el continente, estos l\u00edderes est\u00e1n atravesando un proceso de capacitaci\u00f3n transformador reconocido por la ONU, facilitado por la Fundaci\u00f3n Gaia desde 2017.<\/p>\n<!--themify_builder_content-->\n<div id=\"themify_builder_content-102382\" data-postid=\"102382\" class=\"themify_builder_content themify_builder_content-102382 themify_builder tf_clear\">\n    <\/div>\n<!--\/themify_builder_content-->\n","protected":false},"excerpt":{"rendered":"<p>La Jurisprudencia de la Tierra reconoce que la Tierra est\u00e1 incrustada en un Universo ordenado y legal. Nuestra&#8230;<\/p>\n","protected":false},"author":7,"featured_media":102361,"comment_status":"closed","ping_status":"closed","sticky":false,"template":"","format":"standard","meta":{"_acf_changed":false,"footnotes":""},"categories":[174],"tags":[257,266,364],"class_list":["post-102382","post","type-post","status-publish","format-standard","has-post-thumbnail","hentry","category-videograficos","tag-cosmovision","tag-derechos-naturaleza","tag-tradiciones-ancestrales-es","has-post-title","has-post-date","has-post-category","has-post-tag","has-post-comment","has-post-author",""],"acf":[],"_links":{"self":[{"href":"https:\/\/www.silene.ong\/es\/wp-json\/wp\/v2\/posts\/102382","targetHints":{"allow":["GET"]}}],"collection":[{"href":"https:\/\/www.silene.ong\/es\/wp-json\/wp\/v2\/posts"}],"about":[{"href":"https:\/\/www.silene.ong\/es\/wp-json\/wp\/v2\/types\/post"}],"author":[{"embeddable":true,"href":"https:\/\/www.silene.ong\/es\/wp-json\/wp\/v2\/users\/7"}],"replies":[{"embeddable":true,"href":"https:\/\/www.silene.ong\/es\/wp-json\/wp\/v2\/comments?post=102382"}],"version-history":[{"count":6,"href":"https:\/\/www.silene.ong\/es\/wp-json\/wp\/v2\/posts\/102382\/revisions"}],"predecessor-version":[{"id":109544,"href":"https:\/\/www.silene.ong\/es\/wp-json\/wp\/v2\/posts\/102382\/revisions\/109544"}],"wp:featuredmedia":[{"embeddable":true,"href":"https:\/\/www.silene.ong\/es\/wp-json\/wp\/v2\/media\/102361"}],"wp:attachment":[{"href":"https:\/\/www.silene.ong\/es\/wp-json\/wp\/v2\/media?parent=102382"}],"wp:term":[{"taxonomy":"category","embeddable":true,"href":"https:\/\/www.silene.ong\/es\/wp-json\/wp\/v2\/categories?post=102382"},{"taxonomy":"post_tag","embeddable":true,"href":"https:\/\/www.silene.ong\/es\/wp-json\/wp\/v2\/tags?post=102382"}],"curies":[{"name":"wp","href":"https:\/\/api.w.org\/{rel}","templated":true}]}}