{"id":104921,"date":"2021-06-17T18:58:03","date_gmt":"2021-06-17T17:58:03","guid":{"rendered":"https:\/\/www.silene.ong\/?p=104921"},"modified":"2021-06-30T17:16:37","modified_gmt":"2021-06-30T16:16:37","slug":"ecosofia-el-arte-de-escuchar-la-tierra","status":"publish","type":"post","link":"https:\/\/www.silene.ong\/es\/centro-de-documentacion\/ecosofia-el-arte-de-escuchar-la-tierra","title":{"rendered":"Ecosof\u00eda, el arte de escuchar la Tierra"},"content":{"rendered":"<p><em>Ecosof\u00eda, el arte de escuchar la Tierra<\/em> es el t\u00edtulo de la introducci\u00f3n del libro <em>Ecosof\u00eda. La sabidur\u00eda de la Tierra<\/em>, editado en castellano y catal\u00e1n por el fil\u00f3sofo Jordi Pigem, en el que se recogen todos los escritos de Raimon Panikkar sobre su visi\u00f3n de la ecosof\u00eda.<\/p>\n<p>Esta introducci\u00f3n se refiere en primer lugar al triple nacimiento del concepto de ecosof\u00eda de la mano de Guattari, Naess y Panikkar, sintetizando las diferentes visiones de cada uno de ellos, y remarcando las proximidades de visi\u00f3n entre los dos \u00faltimos. A continuaci\u00f3n se expone la noci\u00f3n de Panikkar, que corresponde a la de la sabidur\u00eda de la Tierra misma como sujeto vivo, la que el hombre debe aprender a volver a escuchar ya que forma parte dentro de un todo cosmote\u00e1ndrico. Termina con una reflexi\u00f3n sobre la Tierra como un Todo vivo, y la necesidad de la ecosof\u00eda para desarrollar una relaci\u00f3n sana, armoniosa y participativa con la red de la vida, diciendo que la Tierra sabe lo que hace mucho m\u00e1s que el tecnocapitalismo [&#8230;]. Quiz\u00e1s, si aprendemos a escucharla, ella nos mostrar\u00e1 el camino.<\/p>\n<p><span class=\"VIiyi\" lang=\"es\"><span class=\"JLqJ4b\" data-language-for-alternatives=\"es\" data-language-to-translate-into=\"ca\" data-phrase-index=\"0\"><a href=\"http:\/\/www.fragmenta.cat\/ca\/fragmentos\/cataleg\/fragmentos\/1622729\" target=\"_blank\" rel=\"noopener\"><em>Ecosof\u00eda. La sabidur\u00eda de la Tierra<\/em><\/a>, re\u00fane los siguientes textos de Raimon Panikkar:<em> La Tierra est\u00e1 viva, la materia est\u00e1 viva, ecosof\u00eda o la relaci\u00f3n cosmote\u00e1ndrica con la naturaleza, la visi\u00f3n ecos\u00f2fica de la edad media,<\/em> y<em> Bh\u016bmij\u00f1\u0101na \/ ecosof\u00eda: una reflexi\u00f3n intercultural.<\/em><br \/>\n<\/span><\/span><\/p>\n<!--themify_builder_content-->\n<div id=\"themify_builder_content-104921\" data-postid=\"104921\" class=\"themify_builder_content themify_builder_content-104921 themify_builder tf_clear\">\n    <\/div>\n<!--\/themify_builder_content-->\n","protected":false},"excerpt":{"rendered":"<p>Ecosof\u00eda, el arte de escuchar la Tierra es el t\u00edtulo de la introducci\u00f3n del libro Ecosof\u00eda. La sabidur\u00eda&#8230;<\/p>\n","protected":false},"author":7,"featured_media":105416,"comment_status":"closed","ping_status":"closed","sticky":false,"template":"","format":"standard","meta":{"_acf_changed":false,"footnotes":""},"categories":[103,141],"tags":[275,309],"class_list":["post-104921","post","type-post","status-publish","format-standard","has-post-thumbnail","hentry","category-centro-de-documentacion","category-reflexiones-sobre-naturaleza-y-espiritualidad","tag-etica-es","tag-filosofia-perenne-es","has-post-title","has-post-date","has-post-category","has-post-tag","has-post-comment","has-post-author",""],"acf":[],"_links":{"self":[{"href":"https:\/\/www.silene.ong\/es\/wp-json\/wp\/v2\/posts\/104921","targetHints":{"allow":["GET"]}}],"collection":[{"href":"https:\/\/www.silene.ong\/es\/wp-json\/wp\/v2\/posts"}],"about":[{"href":"https:\/\/www.silene.ong\/es\/wp-json\/wp\/v2\/types\/post"}],"author":[{"embeddable":true,"href":"https:\/\/www.silene.ong\/es\/wp-json\/wp\/v2\/users\/7"}],"replies":[{"embeddable":true,"href":"https:\/\/www.silene.ong\/es\/wp-json\/wp\/v2\/comments?post=104921"}],"version-history":[{"count":17,"href":"https:\/\/www.silene.ong\/es\/wp-json\/wp\/v2\/posts\/104921\/revisions"}],"predecessor-version":[{"id":105421,"href":"https:\/\/www.silene.ong\/es\/wp-json\/wp\/v2\/posts\/104921\/revisions\/105421"}],"wp:featuredmedia":[{"embeddable":true,"href":"https:\/\/www.silene.ong\/es\/wp-json\/wp\/v2\/media\/105416"}],"wp:attachment":[{"href":"https:\/\/www.silene.ong\/es\/wp-json\/wp\/v2\/media?parent=104921"}],"wp:term":[{"taxonomy":"category","embeddable":true,"href":"https:\/\/www.silene.ong\/es\/wp-json\/wp\/v2\/categories?post=104921"},{"taxonomy":"post_tag","embeddable":true,"href":"https:\/\/www.silene.ong\/es\/wp-json\/wp\/v2\/tags?post=104921"}],"curies":[{"name":"wp","href":"https:\/\/api.w.org\/{rel}","templated":true}]}}