{"id":105077,"date":"2021-06-26T18:26:18","date_gmt":"2021-06-26T17:26:18","guid":{"rendered":"https:\/\/www.silene.ong\/?p=105077"},"modified":"2021-06-26T18:43:19","modified_gmt":"2021-06-26T17:43:19","slug":"23o-congreso-europeo-sobre-ciencia-y-tecnologia-un-pluralismo-creativo","status":"publish","type":"post","link":"https:\/\/www.silene.ong\/es\/noticias\/23o-congreso-europeo-sobre-ciencia-y-tecnologia-un-pluralismo-creativo","title":{"rendered":"23\u00ba Congreso europeo sobre ciencia y tecnolog\u00eda: un pluralismo creativo?"},"content":{"rendered":"<p>La Sociedad Europea para el Estudio de la Ciencia y la Teolog\u00eda (European Society for the Study of Science and Theology) y la C\u00e1tedra FJ Ayala de Ciencia, Tecnolog\u00eda y Religi\u00f3n, organizan el 23\u00ba Congreso europeo sobre ciencia y tecnolog\u00eda, en la Universidad Pontificia de Comillas de Madrid (Espa\u00f1a), del 23 al 27 de junio, con el lema: <em>Pluralismo creativo? Im\u00e1genes y modelos en ciencia y religi\u00f3n.<\/em><\/p>\n<p>Francisco Bellaub\u00ed, de la Asociaci\u00f3n Silene, presenta una ponencia con el t\u00edtulo de &#8216;The Noosphere: encountering the Human and the Geosphere in the Anthropocene&#8217;, donde presenta el concepto de Noosfera, como un puente entre la filosof\u00eda y la ciencia de la naturaleza, que puede ayudar a explorar las relaciones entre los artefactos tecnocr\u00e1ticos y los valores espirituales subyacentes y, por tanto, los v\u00ednculos entre los seres humanos y la Geosfera.<\/p>\n<p>Para ampliar informaci\u00f3n <a href=\"https:\/\/eventos.comillas.edu\/55694\/detail\/esssat-2021.xviiith-european-conference-on-science-and-theology_-creative-pluralism.html\" target=\"_blank\" rel=\"noopener\">vea aqu\u00ed<\/a>.<\/p>\n<!--themify_builder_content-->\n<div id=\"themify_builder_content-105077\" data-postid=\"105077\" class=\"themify_builder_content themify_builder_content-105077 themify_builder tf_clear\">\n    <\/div>\n<!--\/themify_builder_content-->\n","protected":false},"excerpt":{"rendered":"<p>La Sociedad Europea para el Estudio de la Ciencia y la Teolog\u00eda (European Society for the Study of&#8230;<\/p>\n","protected":false},"author":7,"featured_media":105098,"comment_status":"closed","ping_status":"closed","sticky":false,"template":"","format":"standard","meta":{"_acf_changed":false,"footnotes":""},"categories":[132],"tags":[],"class_list":["post-105077","post","type-post","status-publish","format-standard","has-post-thumbnail","hentry","category-noticias","has-post-title","has-post-date","has-post-category","has-post-tag","has-post-comment","has-post-author",""],"acf":[],"_links":{"self":[{"href":"https:\/\/www.silene.ong\/es\/wp-json\/wp\/v2\/posts\/105077","targetHints":{"allow":["GET"]}}],"collection":[{"href":"https:\/\/www.silene.ong\/es\/wp-json\/wp\/v2\/posts"}],"about":[{"href":"https:\/\/www.silene.ong\/es\/wp-json\/wp\/v2\/types\/post"}],"author":[{"embeddable":true,"href":"https:\/\/www.silene.ong\/es\/wp-json\/wp\/v2\/users\/7"}],"replies":[{"embeddable":true,"href":"https:\/\/www.silene.ong\/es\/wp-json\/wp\/v2\/comments?post=105077"}],"version-history":[{"count":7,"href":"https:\/\/www.silene.ong\/es\/wp-json\/wp\/v2\/posts\/105077\/revisions"}],"predecessor-version":[{"id":105102,"href":"https:\/\/www.silene.ong\/es\/wp-json\/wp\/v2\/posts\/105077\/revisions\/105102"}],"wp:featuredmedia":[{"embeddable":true,"href":"https:\/\/www.silene.ong\/es\/wp-json\/wp\/v2\/media\/105098"}],"wp:attachment":[{"href":"https:\/\/www.silene.ong\/es\/wp-json\/wp\/v2\/media?parent=105077"}],"wp:term":[{"taxonomy":"category","embeddable":true,"href":"https:\/\/www.silene.ong\/es\/wp-json\/wp\/v2\/categories?post=105077"},{"taxonomy":"post_tag","embeddable":true,"href":"https:\/\/www.silene.ong\/es\/wp-json\/wp\/v2\/tags?post=105077"}],"curies":[{"name":"wp","href":"https:\/\/api.w.org\/{rel}","templated":true}]}}