{"id":106820,"date":"2020-08-19T17:02:32","date_gmt":"2020-08-19T16:02:32","guid":{"rendered":"https:\/\/www.silene.ong\/?p=106820"},"modified":"2021-08-19T17:43:56","modified_gmt":"2021-08-19T16:43:56","slug":"el-viatico-de-la-naturaleza-en-la-gran-prueba-del-antropoceno","status":"publish","type":"post","link":"https:\/\/www.silene.ong\/es\/centro-de-documentacion\/el-viatico-de-la-naturaleza-en-la-gran-prueba-del-antropoceno","title":{"rendered":"El vi\u00e1tico de la Naturaleza en la gran prueba del Antropoceno"},"content":{"rendered":"<p>Una reflexi\u00f3n sobre la necesidad de redescubrir la v\u00eda del reencuentro profunda, contemplativo, con la Naturaleza, abierta a todas las perspectivas espirituales de la humanidad, en el contexto del desbordamiento de los procesos de autorregulaci\u00f3n de la Tierra, debidos a las tendencias insostenibles globales que caracterizan el Antropoceno. Se postula la recuperaci\u00f3n efectiva de los principios sagrados de las grandes tradiciones religiosas, de sus ritos y m\u00e9todos en relaci\u00f3n a la naturaleza, para revitalizar una \u00e9tica religiosa que llegue al coraz\u00f3n de los creyentes (m\u00e1s del 85% de la humanidad), fortaleciendo las alianzas con los movimientos ecologistas y conservacionistas para impulsar una conversi\u00f3n ecol\u00f3gica, una metanoia global.<\/p>\n<!--themify_builder_content-->\n<div id=\"themify_builder_content-106820\" data-postid=\"106820\" class=\"themify_builder_content themify_builder_content-106820 themify_builder tf_clear\">\n    <\/div>\n<!--\/themify_builder_content-->\n","protected":false},"excerpt":{"rendered":"<p>Una reflexi\u00f3n sobre la necesidad de redescubrir la v\u00eda del reencuentro profunda, contemplativo, con la Naturaleza, abierta a&#8230;<\/p>\n","protected":false},"author":7,"featured_media":106814,"comment_status":"closed","ping_status":"closed","sticky":false,"template":"","format":"standard","meta":{"_acf_changed":false,"footnotes":""},"categories":[103,123],"tags":[312,381],"class_list":["post-106820","post","type-post","status-publish","format-standard","has-post-thumbnail","hentry","category-centro-de-documentacion","category-informacion-y-sensibilizacion","tag-cristianismo","tag-salud","has-post-title","has-post-date","has-post-category","has-post-tag","has-post-comment","has-post-author",""],"acf":[],"_links":{"self":[{"href":"https:\/\/www.silene.ong\/es\/wp-json\/wp\/v2\/posts\/106820","targetHints":{"allow":["GET"]}}],"collection":[{"href":"https:\/\/www.silene.ong\/es\/wp-json\/wp\/v2\/posts"}],"about":[{"href":"https:\/\/www.silene.ong\/es\/wp-json\/wp\/v2\/types\/post"}],"author":[{"embeddable":true,"href":"https:\/\/www.silene.ong\/es\/wp-json\/wp\/v2\/users\/7"}],"replies":[{"embeddable":true,"href":"https:\/\/www.silene.ong\/es\/wp-json\/wp\/v2\/comments?post=106820"}],"version-history":[{"count":6,"href":"https:\/\/www.silene.ong\/es\/wp-json\/wp\/v2\/posts\/106820\/revisions"}],"predecessor-version":[{"id":106850,"href":"https:\/\/www.silene.ong\/es\/wp-json\/wp\/v2\/posts\/106820\/revisions\/106850"}],"wp:featuredmedia":[{"embeddable":true,"href":"https:\/\/www.silene.ong\/es\/wp-json\/wp\/v2\/media\/106814"}],"wp:attachment":[{"href":"https:\/\/www.silene.ong\/es\/wp-json\/wp\/v2\/media?parent=106820"}],"wp:term":[{"taxonomy":"category","embeddable":true,"href":"https:\/\/www.silene.ong\/es\/wp-json\/wp\/v2\/categories?post=106820"},{"taxonomy":"post_tag","embeddable":true,"href":"https:\/\/www.silene.ong\/es\/wp-json\/wp\/v2\/tags?post=106820"}],"curies":[{"name":"wp","href":"https:\/\/api.w.org\/{rel}","templated":true}]}}