{"id":107591,"date":"2021-09-13T11:38:53","date_gmt":"2021-09-13T10:38:53","guid":{"rendered":"https:\/\/www.silene.ong\/?p=107591"},"modified":"2023-01-24T16:41:52","modified_gmt":"2023-01-24T15:41:52","slug":"proceso-de-conversion-ecologica-de-la-mariapolis-el-diamante-puebla-mexico","status":"publish","type":"post","link":"https:\/\/www.silene.ong\/es\/proyectos\/proceso-de-conversion-ecologica-de-la-mariapolis-el-diamante-puebla-mexico","title":{"rendered":"Conversi\u00f3n ecol\u00f3gica en la Mari\u00e1polis El Diamante (M\u00e9xico)"},"content":{"rendered":"<p>En mayo de 2021 iniciamos el acompa\u00f1amiento al proceso de conversi\u00f3n ecol\u00f3gica que impulsan los habitantes y responsables de la <a href=\"https:\/\/mariapoliseldiamante.org\/proyecto-ecologico\" target=\"_blank\" rel=\"noopener\">Mari\u00e1polis el Diamante<\/a>, situada en el estado de Puebla (M\u00e9xico). Partiendo de un compromiso consensuado, basado en los principios de la tradici\u00f3n cristiana y del propio movimiento de <a href=\"https:\/\/www.focolare.org\/es\/\" target=\"_blank\" rel=\"noopener\">Los Focolares<\/a>, que suministra la justificaci\u00f3n y el fundamento, se ha procedido a elaborar un diagn\u00f3stico participativo y a preparar propuestas de acciones para ir ejecutando en adelante,\u00a0 a fin de ir mejorando gradualmente la coherencia ambiental en todos los \u00e1mbitos: desde el agua, la energ\u00eda o los residuos, hasta la alimentaci\u00f3n o el transporte. La Declaraci\u00f3n &#8216;<em>Caminar juntos hacia una conversi\u00f3n ecol\u00f3gica integral<\/em>&#8216;, aprobada el 7 de Diciembre, marc\u00f3 el fin de esta etapa de sensibilizaci\u00f3n y diagn\u00f3stico, y el inicio del compromiso para desplegarla y aplicarla.<\/p>\n<p>A lo largo de 2022, hemos seguido acompa\u00f1ado el proceso de conversi\u00f3n ecol\u00f3gica, con encuentros telem\u00e1ticos trimestrales con los miembros de la Mari\u00e1polis para reflexionar conjuntamente en torno a la figura de Santa Mar\u00eda como inspiradora de proceso de conversi\u00f3n ecol\u00f3gica (ecomistagoga). Esto ha dado lugar a un documento de reflexi\u00f3n (de car\u00e1cter teol\u00f3gico) que propone criterios en torno a c\u00f3mo Mar\u00eda puede guiar hacia el proceso de conversi\u00f3n, exterior e interior al mismo tiempo, a partir de la ejecuci\u00f3n de los proyectos ambientales que la Mari\u00e1polis lleva a cabo.<\/p>\n<!--themify_builder_content-->\n<div id=\"themify_builder_content-107591\" data-postid=\"107591\" class=\"themify_builder_content themify_builder_content-107591 themify_builder tf_clear\">\n    <\/div>\n<!--\/themify_builder_content-->\n","protected":false},"excerpt":{"rendered":"<p>En mayo de 2021 iniciamos el acompa\u00f1amiento al proceso de conversi\u00f3n ecol\u00f3gica que impulsan los habitantes y responsables&#8230;<\/p>\n","protected":false},"author":7,"featured_media":107587,"comment_status":"closed","ping_status":"closed","sticky":false,"template":"","format":"standard","meta":{"_acf_changed":false,"footnotes":""},"categories":[160,135],"tags":[248,312],"class_list":["post-107591","post","type-post","status-publish","format-standard","has-post-thumbnail","hentry","category-consultoria-es","category-proyectos","tag-comunidades-locales","tag-cristianismo","has-post-title","has-post-date","has-post-category","has-post-tag","has-post-comment","has-post-author",""],"acf":[],"_links":{"self":[{"href":"https:\/\/www.silene.ong\/es\/wp-json\/wp\/v2\/posts\/107591","targetHints":{"allow":["GET"]}}],"collection":[{"href":"https:\/\/www.silene.ong\/es\/wp-json\/wp\/v2\/posts"}],"about":[{"href":"https:\/\/www.silene.ong\/es\/wp-json\/wp\/v2\/types\/post"}],"author":[{"embeddable":true,"href":"https:\/\/www.silene.ong\/es\/wp-json\/wp\/v2\/users\/7"}],"replies":[{"embeddable":true,"href":"https:\/\/www.silene.ong\/es\/wp-json\/wp\/v2\/comments?post=107591"}],"version-history":[{"count":17,"href":"https:\/\/www.silene.ong\/es\/wp-json\/wp\/v2\/posts\/107591\/revisions"}],"predecessor-version":[{"id":116926,"href":"https:\/\/www.silene.ong\/es\/wp-json\/wp\/v2\/posts\/107591\/revisions\/116926"}],"wp:featuredmedia":[{"embeddable":true,"href":"https:\/\/www.silene.ong\/es\/wp-json\/wp\/v2\/media\/107587"}],"wp:attachment":[{"href":"https:\/\/www.silene.ong\/es\/wp-json\/wp\/v2\/media?parent=107591"}],"wp:term":[{"taxonomy":"category","embeddable":true,"href":"https:\/\/www.silene.ong\/es\/wp-json\/wp\/v2\/categories?post=107591"},{"taxonomy":"post_tag","embeddable":true,"href":"https:\/\/www.silene.ong\/es\/wp-json\/wp\/v2\/tags?post=107591"}],"curies":[{"name":"wp","href":"https:\/\/api.w.org\/{rel}","templated":true}]}}