{"id":111772,"date":"2022-04-21T11:30:13","date_gmt":"2022-04-21T09:30:13","guid":{"rendered":"https:\/\/www.silene.ong\/?p=111772"},"modified":"2022-07-05T17:05:38","modified_gmt":"2022-07-05T15:05:38","slug":"curso-de-agroecologia-y-espiritualidad","status":"publish","type":"post","link":"https:\/\/www.silene.ong\/es\/noticias\/curso-de-agroecologia-y-espiritualidad","title":{"rendered":"Curso de Agroecolog\u00eda y Espiritualidad"},"content":{"rendered":"<p>Curso para reflexionar en torno a los valores espirituales de la agroecolog\u00eda y descubrir as\u00ed la oportunidad de evolucionar interiormente y trascender desde espacios agrarios naturales, arm\u00f3nicos y \u00e9ticos. Una invitaci\u00f3n a detenerse, observar, maravillarse, a conectar con los ritmos naturales, abrirnos a que la tarea agraria sea un eje vertebrador de lo que nos hace crecer y nos llena la vida de sentido. El curso va dirigido a las personas del mundo rural que quieran tomar conciencia de los valores espirituales vinculados a su entorno y su actividad.<\/p>\n<p>Del 20 de mayo al 15 de junio. Duraci\u00f3n 15 horas. 20 plazas. En varios lugares de la comarca del Bages, en la Catalu\u00f1a central (ver el programa). Lengua: catal\u00e1n.<\/p>\n<p>Inscripciones en la Escola Agr\u00e0ria de Manresa, tel\u00e9fono 93 874 90 60, e-mail: ccagraria.manresa@gencat.cat<\/p>\n","protected":false},"excerpt":{"rendered":"<p>Curso para reflexionar en torno a los valores espirituales de la agroecolog\u00eda y descubrir as\u00ed la oportunidad de&#8230;<\/p>\n","protected":false},"author":7,"featured_media":111757,"comment_status":"closed","ping_status":"closed","sticky":false,"template":"","format":"standard","meta":{"_acf_changed":false,"footnotes":""},"categories":[132],"tags":[381],"class_list":["post-111772","post","type-post","status-publish","format-standard","has-post-thumbnail","hentry","category-noticias","tag-salud","has-post-title","has-post-date","has-post-category","has-post-tag","has-post-comment","has-post-author",""],"acf":[],"_links":{"self":[{"href":"https:\/\/www.silene.ong\/es\/wp-json\/wp\/v2\/posts\/111772","targetHints":{"allow":["GET"]}}],"collection":[{"href":"https:\/\/www.silene.ong\/es\/wp-json\/wp\/v2\/posts"}],"about":[{"href":"https:\/\/www.silene.ong\/es\/wp-json\/wp\/v2\/types\/post"}],"author":[{"embeddable":true,"href":"https:\/\/www.silene.ong\/es\/wp-json\/wp\/v2\/users\/7"}],"replies":[{"embeddable":true,"href":"https:\/\/www.silene.ong\/es\/wp-json\/wp\/v2\/comments?post=111772"}],"version-history":[{"count":5,"href":"https:\/\/www.silene.ong\/es\/wp-json\/wp\/v2\/posts\/111772\/revisions"}],"predecessor-version":[{"id":111809,"href":"https:\/\/www.silene.ong\/es\/wp-json\/wp\/v2\/posts\/111772\/revisions\/111809"}],"wp:featuredmedia":[{"embeddable":true,"href":"https:\/\/www.silene.ong\/es\/wp-json\/wp\/v2\/media\/111757"}],"wp:attachment":[{"href":"https:\/\/www.silene.ong\/es\/wp-json\/wp\/v2\/media?parent=111772"}],"wp:term":[{"taxonomy":"category","embeddable":true,"href":"https:\/\/www.silene.ong\/es\/wp-json\/wp\/v2\/categories?post=111772"},{"taxonomy":"post_tag","embeddable":true,"href":"https:\/\/www.silene.ong\/es\/wp-json\/wp\/v2\/tags?post=111772"}],"curies":[{"name":"wp","href":"https:\/\/api.w.org\/{rel}","templated":true}]}}