{"id":111822,"date":"2022-03-20T12:02:30","date_gmt":"2022-03-20T11:02:30","guid":{"rendered":"https:\/\/www.silene.ong\/?p=111822"},"modified":"2024-04-24T10:07:53","modified_gmt":"2024-04-24T08:07:53","slug":"con-motivo-del-dia-mundial-de-la-felicidad","status":"publish","type":"post","link":"https:\/\/www.silene.ong\/es\/noticias\/con-motivo-del-dia-mundial-de-la-felicidad","title":{"rendered":"Con motivo del D\u00eda Internacional de la Felicidad"},"content":{"rendered":"<p>Hoy, <a href=\"https:\/\/www.un.org\/es\/observances\/happiness-day\" target=\"_blank\" rel=\"noopener\">D\u00eda Internacional de la Felicidad,<\/a> queremos reivindicar la felicidad que se encuentra en lo cotidiano, sencillo y peque\u00f1o. La que se alcanza en una melod\u00eda, en la contemplaci\u00f3n de la salida del sol, en un gesto amable, en un trago de agua en una fuente. La felicidad que ha descubierto como lo aparentemente vulgar y cercano es extraordinario, que reh\u00faye costosos lujos y desmesuras caprichosas; la que atisba el mismo para\u00edso cuando oye un arroyo, divisa un petirrojo o huele los tomillos; la felicidad que, desconfiando de bienestares futuros y artificiosos, ve la luz gracias a la maestr\u00eda sabia de la Madre Tierra.<\/p>\n<p>Reivindicamos la felicidad que nace de nuestro interior cuando ejercitamos las virtudes, la que se origina en el orden interno de la persona y en la armon\u00eda con la naturaleza y sus ciclos; la que se basa m\u00e1s en el ser que en el tener, m\u00e1s en los valores que en las cosas, m\u00e1s en nuestra actitud que en las circunstancias; la felicidad humilde, que tiene hambre y sed de justicia y trabaja por la concordia, la que es sobria, ecu\u00e1nime y ama la verdad, la de los lirios del campo; la felicidad que no se vende ni se compra y, libre de estridencias publicitarias, est\u00e1 m\u00e1s al alcance de los corazones limpios que de los bolsillos llenos.<\/p>\n<p>Reivindicamos la felicidad para todos, la que florece cuando todo se mantiene conectado en el cosmos, la que no levanta muros para disfrutarse individualmente, la que coopera y comparte, la que compasiva hace llover sobre justos e injustos. La felicidad que no se exige como un derecho o una paga, ni se busca como una obligaci\u00f3n o una afici\u00f3n, sino que germina como una gracia cuando uno deja de mirarse el ombligo y de aferrarse a sus deseos, incluso los deseos de felicidad. Reivindicamos la felicidad entusiasta que no se rinde y que toma parte en la fuerza fecunda y misteriosa de la Vida.<\/p>\n","protected":false},"excerpt":{"rendered":"<p>Hoy, D\u00eda Internacional de la Felicidad, queremos reivindicar la felicidad que se encuentra en lo cotidiano, sencillo y&#8230;<\/p>\n","protected":false},"author":7,"featured_media":111819,"comment_status":"closed","ping_status":"closed","sticky":false,"template":"","format":"standard","meta":{"_acf_changed":false,"footnotes":""},"categories":[132],"tags":[257,428,275],"class_list":["post-111822","post","type-post","status-publish","format-standard","has-post-thumbnail","hentry","category-noticias","tag-cosmovision","tag-declaraciones-de-silene","tag-etica-es","has-post-title","has-post-date","has-post-category","has-post-tag","has-post-comment","has-post-author",""],"acf":[],"_links":{"self":[{"href":"https:\/\/www.silene.ong\/es\/wp-json\/wp\/v2\/posts\/111822","targetHints":{"allow":["GET"]}}],"collection":[{"href":"https:\/\/www.silene.ong\/es\/wp-json\/wp\/v2\/posts"}],"about":[{"href":"https:\/\/www.silene.ong\/es\/wp-json\/wp\/v2\/types\/post"}],"author":[{"embeddable":true,"href":"https:\/\/www.silene.ong\/es\/wp-json\/wp\/v2\/users\/7"}],"replies":[{"embeddable":true,"href":"https:\/\/www.silene.ong\/es\/wp-json\/wp\/v2\/comments?post=111822"}],"version-history":[{"count":7,"href":"https:\/\/www.silene.ong\/es\/wp-json\/wp\/v2\/posts\/111822\/revisions"}],"predecessor-version":[{"id":116765,"href":"https:\/\/www.silene.ong\/es\/wp-json\/wp\/v2\/posts\/111822\/revisions\/116765"}],"wp:featuredmedia":[{"embeddable":true,"href":"https:\/\/www.silene.ong\/es\/wp-json\/wp\/v2\/media\/111819"}],"wp:attachment":[{"href":"https:\/\/www.silene.ong\/es\/wp-json\/wp\/v2\/media?parent=111822"}],"wp:term":[{"taxonomy":"category","embeddable":true,"href":"https:\/\/www.silene.ong\/es\/wp-json\/wp\/v2\/categories?post=111822"},{"taxonomy":"post_tag","embeddable":true,"href":"https:\/\/www.silene.ong\/es\/wp-json\/wp\/v2\/tags?post=111822"}],"curies":[{"name":"wp","href":"https:\/\/api.w.org\/{rel}","templated":true}]}}