{"id":115677,"date":"2022-11-27T10:28:13","date_gmt":"2022-11-27T09:28:13","guid":{"rendered":"https:\/\/www.silene.ong\/?p=115677"},"modified":"2023-01-11T09:26:36","modified_gmt":"2023-01-11T08:26:36","slug":"encrucijada-una-respuesta-intergeneracional-multireligiosa-a-la-crisis-social-y-ambiental","status":"publish","type":"post","link":"https:\/\/www.silene.ong\/es\/noticias\/encrucijada-una-respuesta-intergeneracional-multireligiosa-a-la-crisis-social-y-ambiental","title":{"rendered":"Encrucijada: Una respuesta intergeneracional multireligiosa a la crisis social y ambiental"},"content":{"rendered":"<p>El F\u00f3rum Internacional Multireligioso Manresa 2022 acoger\u00e1 figuras destacadas en el campo del pensamiento y el conocimiento dentro del \u00e1mbito internacional, a trav\u00e9s del Encuentro de l\u00edderes del <a href=\"https:\/\/www.rfp.org\/\" target=\"_blank\" rel=\"noopener\">Religions for Peace<\/a>. El encuentro ser\u00e1 de car\u00e1cter intergeneracional, entre l\u00edderes religiosos y j\u00f3venes de distintos pa\u00edses, y con los retos ambientales como tema principal, poniendo el foco del di\u00e1logo en la transformaci\u00f3n de las ciudades en espacios sostenibles, justos, resilientes e inclusivos, convirtiendo el medio ambiente en eje fundamental de desarrollo.<\/p>\n<p>El foro se desarrollar\u00e1 a lo largo de tres jornadas que incluir\u00e1n charlas, di\u00e1logos, talleres, visitas y la firma de un pacto global multireligioso y multisectorial a favor de las ciudades sostenibles. La implicaci\u00f3n de <em>Religions for Peace International,<\/em> con sede en Nueva York, significa contar con la participaci\u00f3n multireligiosa de m\u00e1s de 90 pa\u00edses.<\/p>\n<p>M\u00e1s informaci\u00f3n <a href=\"https:\/\/www.manresa2022.cat\/web\/menu\/13302-cruilla-de-camins-una-resposta-intergeneracional-multireligiosa-a-la-crisi-social-i-ambiental\" target=\"_blank\" rel=\"noopener\">aqu\u00ed<\/a>.<\/p>\n","protected":false},"excerpt":{"rendered":"<p>El F\u00f3rum Internacional Multireligioso Manresa 2022 acoger\u00e1 figuras destacadas en el campo del pensamiento y el conocimiento dentro&#8230;<\/p>\n","protected":false},"author":7,"featured_media":115683,"comment_status":"closed","ping_status":"closed","sticky":false,"template":"","format":"standard","meta":{"_acf_changed":false,"footnotes":""},"categories":[132],"tags":[],"class_list":["post-115677","post","type-post","status-publish","format-standard","has-post-thumbnail","hentry","category-noticias","has-post-title","has-post-date","has-post-category","has-post-tag","has-post-comment","has-post-author",""],"acf":[],"_links":{"self":[{"href":"https:\/\/www.silene.ong\/es\/wp-json\/wp\/v2\/posts\/115677","targetHints":{"allow":["GET"]}}],"collection":[{"href":"https:\/\/www.silene.ong\/es\/wp-json\/wp\/v2\/posts"}],"about":[{"href":"https:\/\/www.silene.ong\/es\/wp-json\/wp\/v2\/types\/post"}],"author":[{"embeddable":true,"href":"https:\/\/www.silene.ong\/es\/wp-json\/wp\/v2\/users\/7"}],"replies":[{"embeddable":true,"href":"https:\/\/www.silene.ong\/es\/wp-json\/wp\/v2\/comments?post=115677"}],"version-history":[{"count":6,"href":"https:\/\/www.silene.ong\/es\/wp-json\/wp\/v2\/posts\/115677\/revisions"}],"predecessor-version":[{"id":116686,"href":"https:\/\/www.silene.ong\/es\/wp-json\/wp\/v2\/posts\/115677\/revisions\/116686"}],"wp:featuredmedia":[{"embeddable":true,"href":"https:\/\/www.silene.ong\/es\/wp-json\/wp\/v2\/media\/115683"}],"wp:attachment":[{"href":"https:\/\/www.silene.ong\/es\/wp-json\/wp\/v2\/media?parent=115677"}],"wp:term":[{"taxonomy":"category","embeddable":true,"href":"https:\/\/www.silene.ong\/es\/wp-json\/wp\/v2\/categories?post=115677"},{"taxonomy":"post_tag","embeddable":true,"href":"https:\/\/www.silene.ong\/es\/wp-json\/wp\/v2\/tags?post=115677"}],"curies":[{"name":"wp","href":"https:\/\/api.w.org\/{rel}","templated":true}]}}