{"id":118299,"date":"2023-03-17T13:04:02","date_gmt":"2023-03-17T12:04:02","guid":{"rendered":"https:\/\/www.silene.ong\/?p=118299"},"modified":"2023-03-30T13:21:10","modified_gmt":"2023-03-30T11:21:10","slug":"recepta-verde-dia-mundial-de-los-bosques","status":"publish","type":"post","link":"https:\/\/www.silene.ong\/es\/noticias\/recepta-verde-dia-mundial-de-los-bosques","title":{"rendered":"Recepta Verde &#8211; D\u00eda Mundial de los Bosques"},"content":{"rendered":"<p>Sesi\u00f3n sobre Salud y Naturaleza en Can Trona, Les Preses, Catalu\u00f1a.<\/p>\n<p>A las 17h Receta Verde: documental, presentaci\u00f3n del estudio y coloquio. Presentaci\u00f3n de los beneficios que la naturaleza aporta a nuestra salud y los resultados obtenidos del programa Retrobar el Equilibrio (Les Preses y Vall d&#8217;en Bas) seguidos de la proyecci\u00f3n del documental con testimonios de las personas participantes. Presentaci\u00f3n del estudio de inmersiones guiadas a la naturaleza como receta verde que se ha iniciado en la comarca de La Garrotxa (Catalu\u00f1a) y posterior coloquio con: Quionia Villar, m\u00e9dica del Centro o de Atenci\u00f3n Primaria de Les Preses y coordinadora del programa; Gl\u00f2ria Bassets, m\u00e9dica de las \u00e1reas b\u00e1sicas de salud de Vall d&#8217;en Bas y Sant Joan les Fonts y Laia Sadurn\u00ed, gu\u00eda de Bosques Terap\u00e9uticos.<\/p>\n<p>Antes de empezar habr\u00e1 un espacio de consulta de la biblioteca m\u00f3vil del Centro de Documentaci\u00f3n del Parque Natural de la Zona Volc\u00e1nica de la Garrotxa sobre los v\u00ednculos entre salud y naturaleza y se podr\u00e1 visitar la exposici\u00f3n de plantas silvestres de la Garrotxa.<\/p>\n<blockquote class=\"twitter-tweet\" data-width=\"550\" data-dnt=\"true\">\n<p lang=\"ca\" dir=\"ltr\">\ud83c\udf33Ahir  al vespre es va presentar el projecte &quot;Recepta verda&quot; acompanyat de la projecci\u00f3 d&#39;un petit documental.<br \/>\ud83c\udfd4Es van poder comprovar els beneficis que la natura aporta a la nostra salut.<br \/>\ud83d\udde3Van intervenir: Quionia Villar, Gl\u00f2ria Bassets i Laia Sadurn\u00ed. <a href=\"https:\/\/twitter.com\/hashtag\/Garrotxa?src=hash&amp;ref_src=twsrc%5Etfw\">#Garrotxa<\/a> <a href=\"https:\/\/t.co\/Of82HQOWFI\">pic.twitter.com\/Of82HQOWFI<\/a><\/p>\n<p>&mdash; CAN TRoNA (@CanTronaCCN) <a href=\"https:\/\/twitter.com\/CanTronaCCN\/status\/1637506180368023552?ref_src=twsrc%5Etfw\">March 19, 2023<\/a><\/p><\/blockquote>\n<p><script async src=\"https:\/\/platform.twitter.com\/widgets.js\" charset=\"utf-8\"><\/script><\/p>\n<p>&nbsp;<\/p>\n<p>&nbsp;<\/p>\n","protected":false},"excerpt":{"rendered":"<p>Sesi\u00f3n sobre Salud y Naturaleza en Can Trona, Les Preses, Catalu\u00f1a. A las 17h Receta Verde: documental, presentaci\u00f3n&#8230;<\/p>\n","protected":false},"author":7,"featured_media":118250,"comment_status":"closed","ping_status":"closed","sticky":false,"template":"","format":"standard","meta":{"_acf_changed":false,"footnotes":""},"categories":[132],"tags":[331,284,381],"class_list":["post-118299","post","type-post","status-publish","format-standard","has-post-thumbnail","hentry","category-noticias","tag-areas-protegidas","tag-paisaje","tag-salud","has-post-title","has-post-date","has-post-category","has-post-tag","has-post-comment","has-post-author",""],"acf":[],"_links":{"self":[{"href":"https:\/\/www.silene.ong\/es\/wp-json\/wp\/v2\/posts\/118299","targetHints":{"allow":["GET"]}}],"collection":[{"href":"https:\/\/www.silene.ong\/es\/wp-json\/wp\/v2\/posts"}],"about":[{"href":"https:\/\/www.silene.ong\/es\/wp-json\/wp\/v2\/types\/post"}],"author":[{"embeddable":true,"href":"https:\/\/www.silene.ong\/es\/wp-json\/wp\/v2\/users\/7"}],"replies":[{"embeddable":true,"href":"https:\/\/www.silene.ong\/es\/wp-json\/wp\/v2\/comments?post=118299"}],"version-history":[{"count":5,"href":"https:\/\/www.silene.ong\/es\/wp-json\/wp\/v2\/posts\/118299\/revisions"}],"predecessor-version":[{"id":118315,"href":"https:\/\/www.silene.ong\/es\/wp-json\/wp\/v2\/posts\/118299\/revisions\/118315"}],"wp:featuredmedia":[{"embeddable":true,"href":"https:\/\/www.silene.ong\/es\/wp-json\/wp\/v2\/media\/118250"}],"wp:attachment":[{"href":"https:\/\/www.silene.ong\/es\/wp-json\/wp\/v2\/media?parent=118299"}],"wp:term":[{"taxonomy":"category","embeddable":true,"href":"https:\/\/www.silene.ong\/es\/wp-json\/wp\/v2\/categories?post=118299"},{"taxonomy":"post_tag","embeddable":true,"href":"https:\/\/www.silene.ong\/es\/wp-json\/wp\/v2\/tags?post=118299"}],"curies":[{"name":"wp","href":"https:\/\/api.w.org\/{rel}","templated":true}]}}