{"id":119524,"date":"2023-05-25T13:45:16","date_gmt":"2023-05-25T11:45:16","guid":{"rendered":"https:\/\/www.silene.ong\/?p=119524"},"modified":"2024-04-11T12:29:44","modified_gmt":"2024-04-11T10:29:44","slug":"lecologie-integrale-relier-les-approches-integrer-les-enjeux-tisser-une-vision","status":"publish","type":"post","link":"https:\/\/www.silene.ong\/es\/centro-de-documentacion\/lecologie-integrale-relier-les-approches-integrer-les-enjeux-tisser-une-vision","title":{"rendered":"L\u2019\u00e9cologie int\u00e9grale : relier les approches, int\u00e9grer les enjeux, tisser une vision"},"content":{"rendered":"<p>El concepto de ecolog\u00eda integral es de gran actualidad: debemos aprender a entretejer tanto las diversas corrientes ambientales como los diversos temas de la crisis planetaria que estamos atravesando. Tras una definici\u00f3n general del concepto de ecolog\u00eda integral, la autora propone una explicaci\u00f3n de tres venas de influencia principales identificadas: la republicana, la cristiana y la\u00a0 trans-confesional. A continuaci\u00f3n se exponen cinco dimensiones de la ecolog\u00eda integral (t\u00e9cnica, econ\u00f3mica, pol\u00edtica, filos\u00f3fica y espiritual), presentadas metaf\u00f3ricamente como otros tantos &#8216;estratos&#8217; de la crisis global. Se considera esencial tenerlos todos en cuenta para una comprensi\u00f3n integral de la ecolog\u00eda. En cada uno de dichos cinco niveles de an\u00e1lisis, el desaf\u00edo de un enfoque integral invita a superar los surcos del pensamiento moderno que crea dicotom\u00edas donde convendr\u00eda buscar convergencias.<\/p>\n","protected":false},"excerpt":{"rendered":"<p>El concepto de ecolog\u00eda integral es de gran actualidad: debemos aprender a entretejer tanto las diversas corrientes ambientales&#8230;<\/p>\n","protected":false},"author":7,"featured_media":119518,"comment_status":"closed","ping_status":"closed","sticky":false,"template":"","format":"standard","meta":{"_acf_changed":false,"footnotes":""},"categories":[103,141],"tags":[227,275,206,309],"class_list":["post-119524","post","type-post","status-publish","format-standard","has-post-thumbnail","hentry","category-centro-de-documentacion","category-reflexiones-sobre-naturaleza-y-espiritualidad","tag-etica","tag-etica-es","tag-filosofia-perenne","tag-filosofia-perenne-es","has-post-title","has-post-date","has-post-category","has-post-tag","has-post-comment","has-post-author",""],"acf":[],"_links":{"self":[{"href":"https:\/\/www.silene.ong\/es\/wp-json\/wp\/v2\/posts\/119524","targetHints":{"allow":["GET"]}}],"collection":[{"href":"https:\/\/www.silene.ong\/es\/wp-json\/wp\/v2\/posts"}],"about":[{"href":"https:\/\/www.silene.ong\/es\/wp-json\/wp\/v2\/types\/post"}],"author":[{"embeddable":true,"href":"https:\/\/www.silene.ong\/es\/wp-json\/wp\/v2\/users\/7"}],"replies":[{"embeddable":true,"href":"https:\/\/www.silene.ong\/es\/wp-json\/wp\/v2\/comments?post=119524"}],"version-history":[{"count":3,"href":"https:\/\/www.silene.ong\/es\/wp-json\/wp\/v2\/posts\/119524\/revisions"}],"predecessor-version":[{"id":124717,"href":"https:\/\/www.silene.ong\/es\/wp-json\/wp\/v2\/posts\/119524\/revisions\/124717"}],"wp:featuredmedia":[{"embeddable":true,"href":"https:\/\/www.silene.ong\/es\/wp-json\/wp\/v2\/media\/119518"}],"wp:attachment":[{"href":"https:\/\/www.silene.ong\/es\/wp-json\/wp\/v2\/media?parent=119524"}],"wp:term":[{"taxonomy":"category","embeddable":true,"href":"https:\/\/www.silene.ong\/es\/wp-json\/wp\/v2\/categories?post=119524"},{"taxonomy":"post_tag","embeddable":true,"href":"https:\/\/www.silene.ong\/es\/wp-json\/wp\/v2\/tags?post=119524"}],"curies":[{"name":"wp","href":"https:\/\/api.w.org\/{rel}","templated":true}]}}