{"id":120137,"date":"2023-06-15T12:04:49","date_gmt":"2023-06-15T10:04:49","guid":{"rendered":"https:\/\/www.silene.ong\/?p=120137"},"modified":"2023-10-05T16:22:15","modified_gmt":"2023-10-05T14:22:15","slug":"segundo-festival-de-la-belleza-en-beget","status":"publish","type":"post","link":"https:\/\/www.silene.ong\/es\/noticias\/segundo-festival-de-la-belleza-en-beget","title":{"rendered":"Segundo Festival de la Belleza en Beget"},"content":{"rendered":"<p>El s\u00e1bado 1 de julio tendr\u00e1 lugar en el pintoresco pueblo de Beget, enclavado en el Espacio Natural Protegido de la Alta Garrotxa (Pirineo Catal\u00e1n) el II Festival de la Belleza, que tiene por lema \u00abLa percepci\u00f3n de la Belleza\u00bb. Con la combinaci\u00f3n de lenguajes que caracteriz\u00f3 la primera edici\u00f3n, el programa de dicha jornada incluye conversaciones con Teresa Forcades, Beatriz Calvo, Ramon Andr\u00e9s, Maria Belmonte, Joan Nogu\u00e9 y Esteve Serra, un paseo natural\u00edstico guiado por Daniel Mart\u00ednez y Xisca Acu\u00f1a , una exposici\u00f3n fotogr\u00e1fica de Esteve Serra y dos interpretaciones musicales: el d\u00fao de violoncelo y viol\u00edn cl\u00e1sico formado por Bea Andr\u00e9s y Ariadna Rodr\u00edguez, y un concierto de blues-jazz-swing a cargo de Oscar Wolf.\u00a0 El Festival empieza a las 11:30 y termina a las 23 h.<\/p>\n","protected":false},"excerpt":{"rendered":"<p>El s\u00e1bado 1 de julio tendr\u00e1 lugar en el pintoresco pueblo de Beget, enclavado en el Espacio Natural&#8230;<\/p>\n","protected":false},"author":7,"featured_media":120158,"comment_status":"closed","ping_status":"closed","sticky":false,"template":"","format":"standard","meta":{"_acf_changed":false,"footnotes":""},"categories":[132],"tags":[379,248,257],"class_list":["post-120137","post","type-post","status-publish","format-standard","has-post-thumbnail","hentry","category-noticias","tag-arte","tag-comunidades-locales","tag-cosmovision","has-post-title","has-post-date","has-post-category","has-post-tag","has-post-comment","has-post-author",""],"acf":[],"_links":{"self":[{"href":"https:\/\/www.silene.ong\/es\/wp-json\/wp\/v2\/posts\/120137","targetHints":{"allow":["GET"]}}],"collection":[{"href":"https:\/\/www.silene.ong\/es\/wp-json\/wp\/v2\/posts"}],"about":[{"href":"https:\/\/www.silene.ong\/es\/wp-json\/wp\/v2\/types\/post"}],"author":[{"embeddable":true,"href":"https:\/\/www.silene.ong\/es\/wp-json\/wp\/v2\/users\/7"}],"replies":[{"embeddable":true,"href":"https:\/\/www.silene.ong\/es\/wp-json\/wp\/v2\/comments?post=120137"}],"version-history":[{"count":6,"href":"https:\/\/www.silene.ong\/es\/wp-json\/wp\/v2\/posts\/120137\/revisions"}],"predecessor-version":[{"id":122744,"href":"https:\/\/www.silene.ong\/es\/wp-json\/wp\/v2\/posts\/120137\/revisions\/122744"}],"wp:featuredmedia":[{"embeddable":true,"href":"https:\/\/www.silene.ong\/es\/wp-json\/wp\/v2\/media\/120158"}],"wp:attachment":[{"href":"https:\/\/www.silene.ong\/es\/wp-json\/wp\/v2\/media?parent=120137"}],"wp:term":[{"taxonomy":"category","embeddable":true,"href":"https:\/\/www.silene.ong\/es\/wp-json\/wp\/v2\/categories?post=120137"},{"taxonomy":"post_tag","embeddable":true,"href":"https:\/\/www.silene.ong\/es\/wp-json\/wp\/v2\/tags?post=120137"}],"curies":[{"name":"wp","href":"https:\/\/api.w.org\/{rel}","templated":true}]}}