{"id":124238,"date":"2024-01-27T19:34:24","date_gmt":"2024-01-27T18:34:24","guid":{"rendered":"https:\/\/www.silene.ong\/?p=124238"},"modified":"2024-01-27T19:34:51","modified_gmt":"2024-01-27T18:34:51","slug":"ecologia-y-creacion-aportaciones-contemporaneas-del-cristianismo-en-los-retos-ecologicos-globales","status":"publish","type":"post","link":"https:\/\/www.silene.ong\/es\/noticias\/ecologia-y-creacion-aportaciones-contemporaneas-del-cristianismo-en-los-retos-ecologicos-globales","title":{"rendered":"Ecolog\u00eda y creaci\u00f3n. Aportaciones contempor\u00e1neas del cristianismo en los retos ecol\u00f3gicos globales"},"content":{"rendered":"<p><span class=\"HwtZe\" lang=\"es\"><span class=\"jCAhz ChMk0b\"><span class=\"ryNqvb\">Jornada matinal en el Real Monasterio de Santa Mar\u00eda de Pedralbes, en Barcelona (Catalu\u00f1a) el s\u00e1bado 10 de febrero, a las 10 de la ma\u00f1ana.<\/span><\/span> Consta de cuatro presentaciones: <span class=\"jCAhz ChMk0b\"><span class=\"ryNqvb\">\u00abFundamentos teol\u00f3gicos ortodoxos sobre la Creaci\u00f3n\u00bb por el arcipreste stavrophor Juan;<\/span><\/span> <span class=\"jCAhz ChMk0b\"><span class=\"ryNqvb\">\u00abRespuestas ecol\u00f3gicas desde la perspectiva ortodoxa\u00bb Josep Maria Mallarach;<\/span><\/span> <span class=\"jCAhz ChMk0b\"><span class=\"ryNqvb\">\u00abTestimonio del monasterio de Solan, un proyecto agro-ecol\u00f3gico\u00bb por Eul\u00e0lia Sadurn\u00ed y \u00abEcolog\u00eda Integral y supervivencia, contribuciones desde otras iglesias cristianas\u00bb por Antoni Matabosc.\u00a0<\/span><\/span> <span class=\"jCAhz ChMk0b\"><span class=\"ryNqvb\">Seguir\u00e1 un di\u00e1logo y coloquio moderado por Joan Richardson y terminar\u00e1 con la presentaci\u00f3n del primer fasc\u00edculo de la colecci\u00f3n: \u00abEcolog\u00eda y Creaci\u00f3n, peque\u00f1a antolog\u00eda de respuestas ortodoxas contempor\u00e1neas a la crisis ecol\u00f3gica global\u00bb.\u00a0 La jornada ser\u00e1 en catal\u00e1n.\u00a0<\/span><\/span> <\/span><\/p>\n<p><span class=\"HwtZe\" lang=\"es\"><span class=\"jCAhz ChMk0b\"><span class=\"ryNqvb\">Es necesaria inscripci\u00f3n previa en jcarbo@fundacioortodoxia.com<\/span><\/span> <\/span><\/p>\n<p><span class=\"HwtZe\" lang=\"es\"><span class=\"jCAhz ChMk0b\"><span class=\"ryNqvb\">V\u00e9ase el programa completo en<\/span><\/span><\/span><\/p>\n","protected":false},"excerpt":{"rendered":"<p>Jornada matinal en el Real Monasterio de Santa Mar\u00eda de Pedralbes, en Barcelona (Catalu\u00f1a) el s\u00e1bado 10 de&#8230;<\/p>\n","protected":false},"author":7,"featured_media":124237,"comment_status":"closed","ping_status":"closed","sticky":false,"template":"","format":"standard","meta":{"_acf_changed":false,"footnotes":""},"categories":[132],"tags":[],"class_list":["post-124238","post","type-post","status-publish","format-standard","has-post-thumbnail","hentry","category-noticias","has-post-title","has-post-date","has-post-category","has-post-tag","has-post-comment","has-post-author",""],"acf":[],"_links":{"self":[{"href":"https:\/\/www.silene.ong\/es\/wp-json\/wp\/v2\/posts\/124238","targetHints":{"allow":["GET"]}}],"collection":[{"href":"https:\/\/www.silene.ong\/es\/wp-json\/wp\/v2\/posts"}],"about":[{"href":"https:\/\/www.silene.ong\/es\/wp-json\/wp\/v2\/types\/post"}],"author":[{"embeddable":true,"href":"https:\/\/www.silene.ong\/es\/wp-json\/wp\/v2\/users\/7"}],"replies":[{"embeddable":true,"href":"https:\/\/www.silene.ong\/es\/wp-json\/wp\/v2\/comments?post=124238"}],"version-history":[{"count":2,"href":"https:\/\/www.silene.ong\/es\/wp-json\/wp\/v2\/posts\/124238\/revisions"}],"predecessor-version":[{"id":124240,"href":"https:\/\/www.silene.ong\/es\/wp-json\/wp\/v2\/posts\/124238\/revisions\/124240"}],"wp:featuredmedia":[{"embeddable":true,"href":"https:\/\/www.silene.ong\/es\/wp-json\/wp\/v2\/media\/124237"}],"wp:attachment":[{"href":"https:\/\/www.silene.ong\/es\/wp-json\/wp\/v2\/media?parent=124238"}],"wp:term":[{"taxonomy":"category","embeddable":true,"href":"https:\/\/www.silene.ong\/es\/wp-json\/wp\/v2\/categories?post=124238"},{"taxonomy":"post_tag","embeddable":true,"href":"https:\/\/www.silene.ong\/es\/wp-json\/wp\/v2\/tags?post=124238"}],"curies":[{"name":"wp","href":"https:\/\/api.w.org\/{rel}","templated":true}]}}