{"id":124305,"date":"2024-01-31T10:29:35","date_gmt":"2024-01-31T09:29:35","guid":{"rendered":"https:\/\/www.silene.ong\/?p=124305"},"modified":"2024-01-31T10:31:14","modified_gmt":"2024-01-31T09:31:14","slug":"jornada-sobre-salud-valores-y-simbolismo-del-aire-espiritu","status":"publish","type":"post","link":"https:\/\/www.silene.ong\/es\/noticias\/jornada-sobre-salud-valores-y-simbolismo-del-aire-espiritu","title":{"rendered":"Jornada sobre salud, valores y simbolismo del Aire-Esp\u00edritu"},"content":{"rendered":"<p>El d\u00eda 17 de febrero a las 10h de la ma\u00f1ana tendr\u00e1 lugar en el pueblo de Joanetes, Vall d&#8217;en Bas (Catalu\u00f1a) la tercera jornada del Ciclo sobre \u00abSalud, valores y simbolismo de los elementos de la Naturaleza\u00bb, organizado por la Asociaci\u00f3n Silene. Esta sesi\u00f3n, en medio del invierno, ser\u00e1 dedicada al elemento AIRE, y el simbolismo del ESP\u00cdRITU y su v\u00ednculo con la muerte. Intervendr\u00e1n: Josep Maria Mallarach, que hablar\u00e1 del aire y su simbolismo; Tew Bunnag, que conducir\u00e1 un taller sobre la Forma y la No-forma; seguido de un coloquio con aportaciones de proyectos e iniciativas sobre el acompa\u00f1amiento de la muerte y el duelo, y experiencias cercanas a la muerte. Por la tarde, Jordi Delcl\u00f2s y el grupo Aslan ofrecer\u00e1n un concierto de m\u00fasica sagrada suf\u00ed y musico-terapia del antiguo Oriente.<\/p>\n<p>Vea el programa bajo estas l\u00edneas. Las plazas son limitadas.<\/p>\n<p>Se requiere inscripci\u00f3n previa: info@silene.ong<\/p>\n","protected":false},"excerpt":{"rendered":"<p>El d\u00eda 17 de febrero a las 10h de la ma\u00f1ana tendr\u00e1 lugar en el pueblo de Joanetes,&#8230;<\/p>\n","protected":false},"author":7,"featured_media":124302,"comment_status":"closed","ping_status":"closed","sticky":false,"template":"","format":"standard","meta":{"_acf_changed":false,"footnotes":""},"categories":[132],"tags":[],"class_list":["post-124305","post","type-post","status-publish","format-standard","has-post-thumbnail","hentry","category-noticias","has-post-title","has-post-date","has-post-category","has-post-tag","has-post-comment","has-post-author",""],"acf":[],"_links":{"self":[{"href":"https:\/\/www.silene.ong\/es\/wp-json\/wp\/v2\/posts\/124305","targetHints":{"allow":["GET"]}}],"collection":[{"href":"https:\/\/www.silene.ong\/es\/wp-json\/wp\/v2\/posts"}],"about":[{"href":"https:\/\/www.silene.ong\/es\/wp-json\/wp\/v2\/types\/post"}],"author":[{"embeddable":true,"href":"https:\/\/www.silene.ong\/es\/wp-json\/wp\/v2\/users\/7"}],"replies":[{"embeddable":true,"href":"https:\/\/www.silene.ong\/es\/wp-json\/wp\/v2\/comments?post=124305"}],"version-history":[{"count":3,"href":"https:\/\/www.silene.ong\/es\/wp-json\/wp\/v2\/posts\/124305\/revisions"}],"predecessor-version":[{"id":124309,"href":"https:\/\/www.silene.ong\/es\/wp-json\/wp\/v2\/posts\/124305\/revisions\/124309"}],"wp:featuredmedia":[{"embeddable":true,"href":"https:\/\/www.silene.ong\/es\/wp-json\/wp\/v2\/media\/124302"}],"wp:attachment":[{"href":"https:\/\/www.silene.ong\/es\/wp-json\/wp\/v2\/media?parent=124305"}],"wp:term":[{"taxonomy":"category","embeddable":true,"href":"https:\/\/www.silene.ong\/es\/wp-json\/wp\/v2\/categories?post=124305"},{"taxonomy":"post_tag","embeddable":true,"href":"https:\/\/www.silene.ong\/es\/wp-json\/wp\/v2\/tags?post=124305"}],"curies":[{"name":"wp","href":"https:\/\/api.w.org\/{rel}","templated":true}]}}