{"id":124634,"date":"2024-03-27T17:05:06","date_gmt":"2024-03-27T16:05:06","guid":{"rendered":"https:\/\/www.silene.ong\/?p=124634"},"modified":"2024-03-27T17:05:06","modified_gmt":"2024-03-27T16:05:06","slug":"creacio-i-ecologia-festa-divina-compromis-huma","status":"publish","type":"post","link":"https:\/\/www.silene.ong\/es\/centro-de-documentacion\/creacio-i-ecologia-festa-divina-compromis-huma","title":{"rendered":"Creaci\u00f3 i Ecologia. Festa divina, comprom\u00eds hum\u00e0"},"content":{"rendered":"<p>Este ensayo plantea una reflexi\u00f3n cristiana sobre la ecolog\u00eda, desde una perspectiva franciscana, con un lenguaje claro y llano. Consta de seis partes: a) la alteridad, donde examina el concepto de pr\u00f3jimo y argumenta que puede extenderse al resto de la naturaleza; 2) una ex\u00e9gesis a del pr\u00f3logo del Evangelio de San Juan en torno al concepto de creaci\u00f3n; 3) la mediaci\u00f3n b\u00edblica sobre la creaci\u00f3n, centrada en la armon\u00eda y los riesgos humanos; 4) la fusi\u00f3n que San Francisco de As\u00eds hace entre el Evangelio de Cristo y la creaci\u00f3n de Dios; 5) una ex\u00e9gesis del C\u00e1ntico de las criaturas y 6) un corolario que ofrece unas conclusiones breves y profundas.<\/p>\n","protected":false},"excerpt":{"rendered":"<p>Este ensayo plantea una reflexi\u00f3n cristiana sobre la ecolog\u00eda, desde una perspectiva franciscana, con un lenguaje claro y&#8230;<\/p>\n","protected":false},"author":7,"featured_media":124695,"comment_status":"closed","ping_status":"closed","sticky":false,"template":"","format":"standard","meta":{"_acf_changed":false,"footnotes":""},"categories":[103,141],"tags":[312,300],"class_list":["post-124634","post","type-post","status-publish","format-standard","has-post-thumbnail","hentry","category-centro-de-documentacion","category-reflexiones-sobre-naturaleza-y-espiritualidad","tag-cristianismo","tag-valores-espirituales","has-post-title","has-post-date","has-post-category","has-post-tag","has-post-comment","has-post-author",""],"acf":[],"_links":{"self":[{"href":"https:\/\/www.silene.ong\/es\/wp-json\/wp\/v2\/posts\/124634","targetHints":{"allow":["GET"]}}],"collection":[{"href":"https:\/\/www.silene.ong\/es\/wp-json\/wp\/v2\/posts"}],"about":[{"href":"https:\/\/www.silene.ong\/es\/wp-json\/wp\/v2\/types\/post"}],"author":[{"embeddable":true,"href":"https:\/\/www.silene.ong\/es\/wp-json\/wp\/v2\/users\/7"}],"replies":[{"embeddable":true,"href":"https:\/\/www.silene.ong\/es\/wp-json\/wp\/v2\/comments?post=124634"}],"version-history":[{"count":1,"href":"https:\/\/www.silene.ong\/es\/wp-json\/wp\/v2\/posts\/124634\/revisions"}],"predecessor-version":[{"id":124635,"href":"https:\/\/www.silene.ong\/es\/wp-json\/wp\/v2\/posts\/124634\/revisions\/124635"}],"wp:featuredmedia":[{"embeddable":true,"href":"https:\/\/www.silene.ong\/es\/wp-json\/wp\/v2\/media\/124695"}],"wp:attachment":[{"href":"https:\/\/www.silene.ong\/es\/wp-json\/wp\/v2\/media?parent=124634"}],"wp:term":[{"taxonomy":"category","embeddable":true,"href":"https:\/\/www.silene.ong\/es\/wp-json\/wp\/v2\/categories?post=124634"},{"taxonomy":"post_tag","embeddable":true,"href":"https:\/\/www.silene.ong\/es\/wp-json\/wp\/v2\/tags?post=124634"}],"curies":[{"name":"wp","href":"https:\/\/api.w.org\/{rel}","templated":true}]}}