{"id":124810,"date":"2024-05-01T12:03:23","date_gmt":"2024-05-01T10:03:23","guid":{"rendered":"https:\/\/www.silene.ong\/?p=124810"},"modified":"2024-05-06T17:27:29","modified_gmt":"2024-05-06T15:27:29","slug":"jornada-sobre-salud-valores-y-simbolismo-del-agua","status":"publish","type":"post","link":"https:\/\/www.silene.ong\/es\/noticias\/jornada-sobre-salud-valores-y-simbolismo-del-agua","title":{"rendered":"Jornada sobre salud, valores y simbolismo del Agua"},"content":{"rendered":"<p>El s\u00e1bado 18 de mayo a las 4 de la tarde tendr\u00e1 lugar en Sant Joan les Fonts (Catalu\u00f1a) la cuarta jornada del Ciclo sobre \u201cSalud, valores y simbolismo de los elementos de la Naturaleza\u201d, organizada por la Asociaci\u00f3n Silene.<\/p>\n<p>Esta sesi\u00f3n, en plena primavera, estar\u00e1 dedicada al elemento Agua y a sus v\u00ednculos con la Vida y su simbolismo. Intervendr\u00e1n: Josep Maria Mallarach, ge\u00f3logo, hablar\u00e1 de fuentes, r\u00edos, acu\u00edferos y su simbolismo; Ortrud Lindemann, m\u00e9dico de familia, hablar\u00e1 del nacimiento y la vida, con un coloquio con los participantes. Seguir\u00e1 un paseo po\u00e9tico-musical, en torno a la acequia de Verlets hasta la confluencia del r\u00edo Fluvi\u00e0 con la riera de Bianya, conducida por Laura de Castellet y miembros de Silene.<\/p>\n<p>Vea el programa debajo. Las plazas son limitadas.<\/p>\n<p>Es necesaria inscripci\u00f3n previa: info@silene.ong<\/p>\n","protected":false},"excerpt":{"rendered":"<p>El s\u00e1bado 18 de mayo a las 4 de la tarde tendr\u00e1 lugar en Sant Joan les Fonts&#8230;<\/p>\n","protected":false},"author":7,"featured_media":124831,"comment_status":"closed","ping_status":"closed","sticky":false,"template":"","format":"standard","meta":{"_acf_changed":false,"footnotes":""},"categories":[132],"tags":[257,227,275,381],"class_list":["post-124810","post","type-post","status-publish","format-standard","has-post-thumbnail","hentry","category-noticias","tag-cosmovision","tag-etica","tag-etica-es","tag-salud","has-post-title","has-post-date","has-post-category","has-post-tag","has-post-comment","has-post-author",""],"acf":[],"_links":{"self":[{"href":"https:\/\/www.silene.ong\/es\/wp-json\/wp\/v2\/posts\/124810","targetHints":{"allow":["GET"]}}],"collection":[{"href":"https:\/\/www.silene.ong\/es\/wp-json\/wp\/v2\/posts"}],"about":[{"href":"https:\/\/www.silene.ong\/es\/wp-json\/wp\/v2\/types\/post"}],"author":[{"embeddable":true,"href":"https:\/\/www.silene.ong\/es\/wp-json\/wp\/v2\/users\/7"}],"replies":[{"embeddable":true,"href":"https:\/\/www.silene.ong\/es\/wp-json\/wp\/v2\/comments?post=124810"}],"version-history":[{"count":8,"href":"https:\/\/www.silene.ong\/es\/wp-json\/wp\/v2\/posts\/124810\/revisions"}],"predecessor-version":[{"id":124907,"href":"https:\/\/www.silene.ong\/es\/wp-json\/wp\/v2\/posts\/124810\/revisions\/124907"}],"wp:featuredmedia":[{"embeddable":true,"href":"https:\/\/www.silene.ong\/es\/wp-json\/wp\/v2\/media\/124831"}],"wp:attachment":[{"href":"https:\/\/www.silene.ong\/es\/wp-json\/wp\/v2\/media?parent=124810"}],"wp:term":[{"taxonomy":"category","embeddable":true,"href":"https:\/\/www.silene.ong\/es\/wp-json\/wp\/v2\/categories?post=124810"},{"taxonomy":"post_tag","embeddable":true,"href":"https:\/\/www.silene.ong\/es\/wp-json\/wp\/v2\/tags?post=124810"}],"curies":[{"name":"wp","href":"https:\/\/api.w.org\/{rel}","templated":true}]}}