{"id":126171,"date":"2024-11-07T10:51:42","date_gmt":"2024-11-07T09:51:42","guid":{"rendered":"https:\/\/www.silene.ong\/?p=126171"},"modified":"2024-11-27T11:25:02","modified_gmt":"2024-11-27T10:25:02","slug":"mesa-redonda-en-barcelona-sobre-los-usos-y-conflictos-del-agua","status":"publish","type":"post","link":"https:\/\/www.silene.ong\/es\/noticias\/mesa-redonda-en-barcelona-sobre-los-usos-y-conflictos-del-agua","title":{"rendered":"Mesa redonda sobre los usos y conflictos del agua"},"content":{"rendered":"<p>El pasado 5 de noviembre, Xavier Perarnau particip\u00f3 en la mesa redonda sobre los <em>usos y conflictos del agua<\/em>, en representaci\u00f3n de la asociaci\u00f3n Silene, para reflexionar sobre la actual crisis h\u00eddrica, local y planetaria. Se trataron casos concretos y sus causas profundas.\u00a0 Participaron tambi\u00e9n Roser Bosch como bi\u00f3loga y coordinadora del proyecto Art Descal\u00e7 per la Terra, Didac Navarro de Ecologistas en Acci\u00f3n, Edurne Bagu\u00e9 de Agua es vida y Aldo Cardoso que hace vivir y fotografiar la Jarra del agua de Cochabamba. La mesa fue moderada por Neus Forcano, de Just\u00edcia i Pau, entidad organizadora del acto.<\/p>\n<p>Xavier Perarnau expuso la perspectiva de ecolog\u00eda integral, profunda, que se recoge en el manifiesto de Silene <a href=\"https:\/\/www.silene.ong\/es\/noticias\/aigua-es-vida-manifiesto-por-una-vision-holistica-y-comprometida-del-agua\" target=\"_blank\" rel=\"noopener\">\u00abAgua es vida<\/a>\u00bb (2024) por contraste con los habituales abordajes parciales y materialistas. Destac\u00f3 los valores intr\u00ednsecos del agua frente a las concepciones mayoritariamente utilitaristas, as\u00ed como la necesidad de que toda gesti\u00f3n del agua se realice desde una perspectiva hol\u00edstica.<\/p>\n","protected":false},"excerpt":{"rendered":"<p>El pasado 5 de noviembre, Xavier Perarnau particip\u00f3 en la mesa redonda sobre los usos y conflictos del&#8230;<\/p>\n","protected":false},"author":7,"featured_media":126198,"comment_status":"closed","ping_status":"closed","sticky":false,"template":"","format":"standard","meta":{"_acf_changed":false,"footnotes":""},"categories":[132],"tags":[428,266,269],"class_list":["post-126171","post","type-post","status-publish","format-standard","has-post-thumbnail","hentry","category-noticias","tag-declaraciones-de-silene","tag-derechos-naturaleza","tag-educacion-ambiental","has-post-title","has-post-date","has-post-category","has-post-tag","has-post-comment","has-post-author",""],"acf":[],"_links":{"self":[{"href":"https:\/\/www.silene.ong\/es\/wp-json\/wp\/v2\/posts\/126171","targetHints":{"allow":["GET"]}}],"collection":[{"href":"https:\/\/www.silene.ong\/es\/wp-json\/wp\/v2\/posts"}],"about":[{"href":"https:\/\/www.silene.ong\/es\/wp-json\/wp\/v2\/types\/post"}],"author":[{"embeddable":true,"href":"https:\/\/www.silene.ong\/es\/wp-json\/wp\/v2\/users\/7"}],"replies":[{"embeddable":true,"href":"https:\/\/www.silene.ong\/es\/wp-json\/wp\/v2\/comments?post=126171"}],"version-history":[{"count":5,"href":"https:\/\/www.silene.ong\/es\/wp-json\/wp\/v2\/posts\/126171\/revisions"}],"predecessor-version":[{"id":126192,"href":"https:\/\/www.silene.ong\/es\/wp-json\/wp\/v2\/posts\/126171\/revisions\/126192"}],"wp:featuredmedia":[{"embeddable":true,"href":"https:\/\/www.silene.ong\/es\/wp-json\/wp\/v2\/media\/126198"}],"wp:attachment":[{"href":"https:\/\/www.silene.ong\/es\/wp-json\/wp\/v2\/media?parent=126171"}],"wp:term":[{"taxonomy":"category","embeddable":true,"href":"https:\/\/www.silene.ong\/es\/wp-json\/wp\/v2\/categories?post=126171"},{"taxonomy":"post_tag","embeddable":true,"href":"https:\/\/www.silene.ong\/es\/wp-json\/wp\/v2\/tags?post=126171"}],"curies":[{"name":"wp","href":"https:\/\/api.w.org\/{rel}","templated":true}]}}