{"id":126460,"date":"2025-01-16T16:45:54","date_gmt":"2025-01-16T15:45:54","guid":{"rendered":"https:\/\/www.silene.ong\/?p=126460"},"modified":"2025-01-16T16:56:24","modified_gmt":"2025-01-16T15:56:24","slug":"a-proposito-de-la-salud-mental-y-si-vamos-a-la-raiz","status":"publish","type":"post","link":"https:\/\/www.silene.ong\/es\/noticias\/a-proposito-de-la-salud-mental-y-si-vamos-a-la-raiz","title":{"rendered":"A prop\u00f3sito de la salud mental \u00bf y si vamos a la ra\u00edz?"},"content":{"rendered":"<p>Reflexi\u00f3n del equipo editorial de la Asociaci\u00f3n Silene sobre las enfermedades mentales, que se encuentran en r\u00e1pida expansi\u00f3n en nuestras sociedades. Aboga por una psicolog\u00eda integral que atienda las diferentes dimensiones humanas (f\u00edsica, mental, social y espiritual) y que entienda su interdependencia; por una concepci\u00f3n del malestar psicol\u00f3gico como una se\u00f1al de alarma social y, al mismo tiempo, como oportunidad de autoconocimiento y crecimiento y no solo como algo a eliminar r\u00e1pidamente con una pastilla; por una vida que priorice el ser frente al tener; por el cultivo de la interioridad, del silencio y la soledad que nos nutren; por el v\u00ednculo fraternal y sanador con la naturaleza y con todo lo que est\u00e1 vivo.<\/p>\n<p><a href=\"https:\/\/www.ciudadnueva.com\/revistalar\/y-si-vamos-a-la-raiz\" target=\"_blank\" rel=\"noopener\">Para leer el art\u00edculo acceda a Revista LAR #4 (20-12-2024)<\/a><\/p>\n","protected":false},"excerpt":{"rendered":"<p>Reflexi\u00f3n del equipo editorial de la Asociaci\u00f3n Silene sobre las enfermedades mentales, que se encuentran en r\u00e1pida expansi\u00f3n&#8230;<\/p>\n","protected":false},"author":7,"featured_media":126456,"comment_status":"closed","ping_status":"closed","sticky":false,"template":"","format":"standard","meta":{"_acf_changed":false,"footnotes":""},"categories":[132],"tags":[381],"class_list":["post-126460","post","type-post","status-publish","format-standard","has-post-thumbnail","hentry","category-noticias","tag-salud","has-post-title","has-post-date","has-post-category","has-post-tag","has-post-comment","has-post-author",""],"acf":[],"_links":{"self":[{"href":"https:\/\/www.silene.ong\/es\/wp-json\/wp\/v2\/posts\/126460","targetHints":{"allow":["GET"]}}],"collection":[{"href":"https:\/\/www.silene.ong\/es\/wp-json\/wp\/v2\/posts"}],"about":[{"href":"https:\/\/www.silene.ong\/es\/wp-json\/wp\/v2\/types\/post"}],"author":[{"embeddable":true,"href":"https:\/\/www.silene.ong\/es\/wp-json\/wp\/v2\/users\/7"}],"replies":[{"embeddable":true,"href":"https:\/\/www.silene.ong\/es\/wp-json\/wp\/v2\/comments?post=126460"}],"version-history":[{"count":4,"href":"https:\/\/www.silene.ong\/es\/wp-json\/wp\/v2\/posts\/126460\/revisions"}],"predecessor-version":[{"id":126474,"href":"https:\/\/www.silene.ong\/es\/wp-json\/wp\/v2\/posts\/126460\/revisions\/126474"}],"wp:featuredmedia":[{"embeddable":true,"href":"https:\/\/www.silene.ong\/es\/wp-json\/wp\/v2\/media\/126456"}],"wp:attachment":[{"href":"https:\/\/www.silene.ong\/es\/wp-json\/wp\/v2\/media?parent=126460"}],"wp:term":[{"taxonomy":"category","embeddable":true,"href":"https:\/\/www.silene.ong\/es\/wp-json\/wp\/v2\/categories?post=126460"},{"taxonomy":"post_tag","embeddable":true,"href":"https:\/\/www.silene.ong\/es\/wp-json\/wp\/v2\/tags?post=126460"}],"curies":[{"name":"wp","href":"https:\/\/api.w.org\/{rel}","templated":true}]}}