{"id":127684,"date":"2025-09-04T13:20:45","date_gmt":"2025-09-04T11:20:45","guid":{"rendered":"https:\/\/www.silene.ong\/?p=127684"},"modified":"2025-09-04T13:27:41","modified_gmt":"2025-09-04T11:27:41","slug":"conclusiones-de-la-jornada-de-trabajo-santuarios-por-la-paz","status":"publish","type":"post","link":"https:\/\/www.silene.ong\/es\/centro-de-documentacion\/conclusiones-de-la-jornada-de-trabajo-santuarios-por-la-paz","title":{"rendered":"Conclusiones de la jornada de trabajo Santuarios por la Paz"},"content":{"rendered":"<p>Principales conclusiones de la jornada de trabajo que tuvo lugar el 8 de noviembre de 2024 en la hospeder\u00eda del santuario de la Mare de D\u00e9u dels \u00c0ngels (Girona), coorganizada por el Obispado de Girona, la C\u00e1tedra UNESCO de Pol\u00edticas Culturales y Cooperaci\u00f3n de la Universidad de Girona y la Direcci\u00f3n General de Asuntos Religiosos del Gobierno de Catalu\u00f1a. Una jornada que reuni\u00f3 a personas comprometidas en las diversas facetas de los santuarios de la di\u00f3cesis de Girona y algunas vinculadas a santuarios de otras di\u00f3cesis de Catalu\u00f1a: curas, custodios, administradores y gestores de \u00e1reas naturales protegidas aleda\u00f1as. La Asociaci\u00f3n Silene asumi\u00f3 su secretar\u00eda.<\/p>\n","protected":false},"excerpt":{"rendered":"<p>Principales conclusiones de la jornada de trabajo que tuvo lugar el 8 de noviembre de 2024 en la&#8230;<\/p>\n","protected":false},"author":7,"featured_media":127677,"comment_status":"closed","ping_status":"closed","sticky":false,"template":"","format":"standard","meta":{"_acf_changed":false,"footnotes":""},"categories":[103,117],"tags":[227,275,314,290],"class_list":["post-127684","post","type-post","status-publish","format-standard","has-post-thumbnail","hentry","category-centro-de-documentacion","category-documentos-estrategicos","tag-etica","tag-etica-es","tag-lugares-sagrados","tag-peregrinacion","has-post-title","has-post-date","has-post-category","has-post-tag","has-post-comment","has-post-author",""],"acf":[],"_links":{"self":[{"href":"https:\/\/www.silene.ong\/es\/wp-json\/wp\/v2\/posts\/127684","targetHints":{"allow":["GET"]}}],"collection":[{"href":"https:\/\/www.silene.ong\/es\/wp-json\/wp\/v2\/posts"}],"about":[{"href":"https:\/\/www.silene.ong\/es\/wp-json\/wp\/v2\/types\/post"}],"author":[{"embeddable":true,"href":"https:\/\/www.silene.ong\/es\/wp-json\/wp\/v2\/users\/7"}],"replies":[{"embeddable":true,"href":"https:\/\/www.silene.ong\/es\/wp-json\/wp\/v2\/comments?post=127684"}],"version-history":[{"count":3,"href":"https:\/\/www.silene.ong\/es\/wp-json\/wp\/v2\/posts\/127684\/revisions"}],"predecessor-version":[{"id":127693,"href":"https:\/\/www.silene.ong\/es\/wp-json\/wp\/v2\/posts\/127684\/revisions\/127693"}],"wp:featuredmedia":[{"embeddable":true,"href":"https:\/\/www.silene.ong\/es\/wp-json\/wp\/v2\/media\/127677"}],"wp:attachment":[{"href":"https:\/\/www.silene.ong\/es\/wp-json\/wp\/v2\/media?parent=127684"}],"wp:term":[{"taxonomy":"category","embeddable":true,"href":"https:\/\/www.silene.ong\/es\/wp-json\/wp\/v2\/categories?post=127684"},{"taxonomy":"post_tag","embeddable":true,"href":"https:\/\/www.silene.ong\/es\/wp-json\/wp\/v2\/tags?post=127684"}],"curies":[{"name":"wp","href":"https:\/\/api.w.org\/{rel}","templated":true}]}}