{"id":129513,"date":"2026-04-02T09:42:13","date_gmt":"2026-04-02T07:42:13","guid":{"rendered":"https:\/\/www.silene.ong\/?p=129513"},"modified":"2026-04-29T09:54:14","modified_gmt":"2026-04-29T07:54:14","slug":"montserrat-i-montsant-paisatges-singulars-simbols-universals","status":"publish","type":"post","link":"https:\/\/www.silene.ong\/es\/noticies\/montserrat-i-montsant-paisatges-singulars-simbols-universals","title":{"rendered":"Montserrat i Montsant: Paisatges singulars, s\u00edmbols universals"},"content":{"rendered":"<p>La C\u00e0tedra de pol\u00edtiques culturals de la Universitat de Girona, dirigida per la Dra. S\u00edlvia Aulet, promou un curs de formaci\u00f3 de guies de Montsant i Montserrat, subtitolat: \u00abPaisatges singulars, s\u00edmbols universals\u00bb. El curs,\u00a0 dirigit per S\u00edlvia Gili i Ricard Fern\u00e0ndez-Molinet, t\u00e9 un plantejament hol\u00edstic i inclusiu, en sintonia amb l&#8217;Associaci\u00f3 Silene, que hi ha col\u00b7laborat en la difusi\u00f3 i la doc\u00e8ncia. A la jornada de Montsant, Josep Maria Mallarach va impartir una sessi\u00f3 dedicada a exposar les pol\u00edtiques de la UICN pel que fa a la integraci\u00f3 dels valors culturals i espirituals, la Iniciativa Delos i la cust\u00f2dia mon\u00e0stica cristiana.<\/p>\n<p>Per accedir al programa, <a href=\"https:\/\/esdeveniments.udg.edu\/147225\/detail\/montsant-montserrat-paisatges-singulars-simbols-universals.html\" target=\"_blank\" rel=\"noopener\">cliqueu ac\u00ed.<\/a><\/p>\n","protected":false},"excerpt":{"rendered":"<p>La C\u00e0tedra de pol\u00edtiques culturals de la Universitat de Girona, dirigida per la Dra. S\u00edlvia Aulet, promou un&#8230;<\/p>\n","protected":false},"author":7,"featured_media":129514,"comment_status":"closed","ping_status":"closed","sticky":false,"template":"","format":"standard","meta":{"_acf_changed":false,"footnotes":""},"categories":[85],"tags":[],"class_list":["post-129513","post","type-post","status-publish","format-standard","has-post-thumbnail","hentry","category-noticies","has-post-title","has-post-date","has-post-category","has-post-tag","has-post-comment","has-post-author",""],"acf":[],"_links":{"self":[{"href":"https:\/\/www.silene.ong\/es\/wp-json\/wp\/v2\/posts\/129513","targetHints":{"allow":["GET"]}}],"collection":[{"href":"https:\/\/www.silene.ong\/es\/wp-json\/wp\/v2\/posts"}],"about":[{"href":"https:\/\/www.silene.ong\/es\/wp-json\/wp\/v2\/types\/post"}],"author":[{"embeddable":true,"href":"https:\/\/www.silene.ong\/es\/wp-json\/wp\/v2\/users\/7"}],"replies":[{"embeddable":true,"href":"https:\/\/www.silene.ong\/es\/wp-json\/wp\/v2\/comments?post=129513"}],"version-history":[{"count":7,"href":"https:\/\/www.silene.ong\/es\/wp-json\/wp\/v2\/posts\/129513\/revisions"}],"predecessor-version":[{"id":129528,"href":"https:\/\/www.silene.ong\/es\/wp-json\/wp\/v2\/posts\/129513\/revisions\/129528"}],"wp:featuredmedia":[{"embeddable":true,"href":"https:\/\/www.silene.ong\/es\/wp-json\/wp\/v2\/media\/129514"}],"wp:attachment":[{"href":"https:\/\/www.silene.ong\/es\/wp-json\/wp\/v2\/media?parent=129513"}],"wp:term":[{"taxonomy":"category","embeddable":true,"href":"https:\/\/www.silene.ong\/es\/wp-json\/wp\/v2\/categories?post=129513"},{"taxonomy":"post_tag","embeddable":true,"href":"https:\/\/www.silene.ong\/es\/wp-json\/wp\/v2\/tags?post=129513"}],"curies":[{"name":"wp","href":"https:\/\/api.w.org\/{rel}","templated":true}]}}