{"id":129529,"date":"2026-04-29T14:37:40","date_gmt":"2026-04-29T12:37:40","guid":{"rendered":"https:\/\/www.silene.ong\/?p=129529"},"modified":"2026-04-29T14:47:59","modified_gmt":"2026-04-29T12:47:59","slug":"montserrat-y-montsant-paisajes-singulares-simbolos-universales","status":"publish","type":"post","link":"https:\/\/www.silene.ong\/es\/noticias\/montserrat-y-montsant-paisajes-singulares-simbolos-universales","title":{"rendered":"Montserrat y Montsant: Paisajes singulares, s\u00edmbolos universales"},"content":{"rendered":"<p>La C\u00e1tedra de pol\u00edticas culturales de la Universidad de Girona, dirigida por la Dra. Silvia Aulet, promueve un curso de formaci\u00f3n de gu\u00edas de Montsant y Montserrat, subtitulado: \u00abPaisajes singulares, s\u00edmbolos universales\u00bb. El curso, dirigido por S\u00edlvia Gili y Ricard Fern\u00e0ndez-Molinet, tiene un planteamiento hol\u00edstico e inclusivo, en sinton\u00eda con la Asociaci\u00f3n Silene, que ha colaborado en la difusi\u00f3n y la docencia. En la jornada de Montsant, Josep Maria Mallarach impartir\u00e1 una sesi\u00f3n dedicada a exponer las pol\u00edticas de la UICN en cuanto a la integraci\u00f3n de los valores culturales y espirituales en la conservaci\u00f3n de la naturaleza, la Iniciativa Delos y la custodia mon\u00e1stica cristiana. La lengua del curso es el catal\u00e1n.<\/p>\n<p>Para acceder al programa, <a href=\"https:\/\/esdeveniments.udg.edu\/147225\/detail\/montsant-montserrat-paisatges-singulars-simbols-universals.html\" target=\"_blank\" rel=\"noopener\">haga clic aqu\u00ed.<\/a><\/p>\n","protected":false},"excerpt":{"rendered":"<p>La C\u00e1tedra de pol\u00edticas culturales de la Universidad de Girona, dirigida por la Dra. Silvia Aulet, promueve un&#8230;<\/p>\n","protected":false},"author":7,"featured_media":129517,"comment_status":"closed","ping_status":"closed","sticky":false,"template":"","format":"standard","meta":{"_acf_changed":false,"footnotes":""},"categories":[132],"tags":[269],"class_list":["post-129529","post","type-post","status-publish","format-standard","has-post-thumbnail","hentry","category-noticias","tag-educacion-ambiental","has-post-title","has-post-date","has-post-category","has-post-tag","has-post-comment","has-post-author",""],"acf":[],"_links":{"self":[{"href":"https:\/\/www.silene.ong\/es\/wp-json\/wp\/v2\/posts\/129529","targetHints":{"allow":["GET"]}}],"collection":[{"href":"https:\/\/www.silene.ong\/es\/wp-json\/wp\/v2\/posts"}],"about":[{"href":"https:\/\/www.silene.ong\/es\/wp-json\/wp\/v2\/types\/post"}],"author":[{"embeddable":true,"href":"https:\/\/www.silene.ong\/es\/wp-json\/wp\/v2\/users\/7"}],"replies":[{"embeddable":true,"href":"https:\/\/www.silene.ong\/es\/wp-json\/wp\/v2\/comments?post=129529"}],"version-history":[{"count":10,"href":"https:\/\/www.silene.ong\/es\/wp-json\/wp\/v2\/posts\/129529\/revisions"}],"predecessor-version":[{"id":129551,"href":"https:\/\/www.silene.ong\/es\/wp-json\/wp\/v2\/posts\/129529\/revisions\/129551"}],"wp:featuredmedia":[{"embeddable":true,"href":"https:\/\/www.silene.ong\/es\/wp-json\/wp\/v2\/media\/129517"}],"wp:attachment":[{"href":"https:\/\/www.silene.ong\/es\/wp-json\/wp\/v2\/media?parent=129529"}],"wp:term":[{"taxonomy":"category","embeddable":true,"href":"https:\/\/www.silene.ong\/es\/wp-json\/wp\/v2\/categories?post=129529"},{"taxonomy":"post_tag","embeddable":true,"href":"https:\/\/www.silene.ong\/es\/wp-json\/wp\/v2\/tags?post=129529"}],"curies":[{"name":"wp","href":"https:\/\/api.w.org\/{rel}","templated":true}]}}