{"id":66477,"date":"2018-10-25T12:53:15","date_gmt":"2018-10-25T10:53:15","guid":{"rendered":"http:\/\/silene.idilicstudio.com\/?p=66477"},"modified":"2021-02-21T15:51:59","modified_gmt":"2021-02-21T14:51:59","slug":"actas-xi-congreso-europarc-espana-esparc-2005-comunicar-beneficios-espacios-protegidos-sociedad","status":"publish","type":"post","link":"https:\/\/www.silene.ong\/es\/centro-de-documentacion\/documentos-estrategicos\/actas-xi-congreso-europarc-espana-esparc-2005-comunicar-beneficios-espacios-protegidos-sociedad","title":{"rendered":"Congreso ESPARC 2005. Comunicar los valores inmateriales de los espacios protegidos a la sociedad"},"content":{"rendered":"<p>En este congreso se trat\u00f3, por vez primera en Espa\u00f1a, el tema de los valores inmateriales vinculados a los espacios naturales protegidos. Se aprobaron las conclusiones y recomendaciones. Las recomendaciones aprobadas hacen referencia a: primero, incorporar de dichos valores en la revisi\u00f3n del Plan de Acci\u00f3n para los espacios naturales protegidos del estado espa\u00f1ol. Segundo, promover su reconocimiento e inclusi\u00f3n en los planes de gesti\u00f3n de los espacios naturales protegidos. tercero, promover el mantenimiento de las actividades tradicionales en la conservaci\u00f3n de la biodiversidad. Cuarto, impulsar la incorporaci\u00f3n en las pol\u00edticas educativas de los espacios naturales protegidos de programas que desarrollen los valores inmateriales de la naturaleza. Quinto, apoyar formalmente la \u201cIniciativa Delos\u201d y sus casos de estudio en Espa\u00f1a.<\/p>\n<p>Esta iniciativa fue presentada y promovida por Jordi Falgarona, presidente de la Asociaci\u00f3n Silene, y representante del Parque Natural de la Zona Volc\u00e1nica de la Garrotxa.<\/p>\n<!--themify_builder_content-->\n<div id=\"themify_builder_content-66477\" data-postid=\"66477\" class=\"themify_builder_content themify_builder_content-66477 themify_builder tf_clear\">\n    <\/div>\n<!--\/themify_builder_content-->\n","protected":false},"excerpt":{"rendered":"<p>En este congreso se trat\u00f3, por vez primera en Espa\u00f1a, el tema de los valores inmateriales vinculados a&#8230;<\/p>\n","protected":false},"author":21,"featured_media":78148,"comment_status":"closed","ping_status":"closed","sticky":false,"template":"","format":"standard","meta":{"_acf_changed":false,"footnotes":""},"categories":[117],"tags":[],"class_list":["post-66477","post","type-post","status-publish","format-standard","has-post-thumbnail","hentry","category-documentos-estrategicos","has-post-title","has-post-date","has-post-category","has-post-tag","has-post-comment","has-post-author",""],"acf":[],"_links":{"self":[{"href":"https:\/\/www.silene.ong\/es\/wp-json\/wp\/v2\/posts\/66477","targetHints":{"allow":["GET"]}}],"collection":[{"href":"https:\/\/www.silene.ong\/es\/wp-json\/wp\/v2\/posts"}],"about":[{"href":"https:\/\/www.silene.ong\/es\/wp-json\/wp\/v2\/types\/post"}],"author":[{"embeddable":true,"href":"https:\/\/www.silene.ong\/es\/wp-json\/wp\/v2\/users\/21"}],"replies":[{"embeddable":true,"href":"https:\/\/www.silene.ong\/es\/wp-json\/wp\/v2\/comments?post=66477"}],"version-history":[{"count":7,"href":"https:\/\/www.silene.ong\/es\/wp-json\/wp\/v2\/posts\/66477\/revisions"}],"predecessor-version":[{"id":86458,"href":"https:\/\/www.silene.ong\/es\/wp-json\/wp\/v2\/posts\/66477\/revisions\/86458"}],"wp:featuredmedia":[{"embeddable":true,"href":"https:\/\/www.silene.ong\/es\/wp-json\/wp\/v2\/media\/78148"}],"wp:attachment":[{"href":"https:\/\/www.silene.ong\/es\/wp-json\/wp\/v2\/media?parent=66477"}],"wp:term":[{"taxonomy":"category","embeddable":true,"href":"https:\/\/www.silene.ong\/es\/wp-json\/wp\/v2\/categories?post=66477"},{"taxonomy":"post_tag","embeddable":true,"href":"https:\/\/www.silene.ong\/es\/wp-json\/wp\/v2\/tags?post=66477"}],"curies":[{"name":"wp","href":"https:\/\/api.w.org\/{rel}","templated":true}]}}