{"id":66687,"date":"2018-10-25T12:53:35","date_gmt":"2018-10-25T10:53:35","guid":{"rendered":"http:\/\/silene.idilicstudio.com\/?p=66687"},"modified":"2021-02-21T16:29:01","modified_gmt":"2021-02-21T15:29:01","slug":"declaracion-congregacion-cisterciense-corona-aragon-relacion-monasterios-entorno-natural","status":"publish","type":"post","link":"https:\/\/www.silene.ong\/es\/centro-de-documentacion\/declaraciones\/declaracion-congregacion-cisterciense-corona-aragon-relacion-monasterios-entorno-natural","title":{"rendered":"Declaraci\u00f3n Cisterciense sobre la relaci\u00f3n de los monasterios con el entorno natural"},"content":{"rendered":"<p>Declaraci\u00f3n de principios fundamentales que los monasterios de la Congregaci\u00f3n de la Corona de Arag\u00f3n del Orden Cisterciense deben poner en pr\u00e1ctica con respecto a su relaci\u00f3n con el medio ambiente y los recursos naturales. Las intenciones y propuestas recogidas por esta Declaraci\u00f3n deber\u00e1n ser tenidas en cuenta y respetadas, tanto por las comunidades mon\u00e1sticas, como por cada uno de los monjes y monjas miembros de la Congregaci\u00f3n.<\/p>\n<p>La reconversi\u00f3n ecol\u00f3gica a la que hace referencia esta declaraci\u00f3n abarca el aire, el agua, la energ\u00eda, la tierra, los cultivos, el comercio y los residuos; los bosques y la biodiversidad. En todas ellas se propone adoptar las mejores pr\u00e1cticas posibles. Se adjunta como anexo el cap\u00edtulo 10 del \u201cCompendio de la doctrina social de la Iglesia\u201d donde se recogen las principales intervenciones del Magisterio de la Iglesia Cat\u00f3lica referente a los problemas medioambientales.<\/p>\n<p>El texto completo est\u00e1 disponible en catal\u00e1n, espa\u00f1ol e ingl\u00e9s.<\/p>\n<!--themify_builder_content-->\n<div id=\"themify_builder_content-66687\" data-postid=\"66687\" class=\"themify_builder_content themify_builder_content-66687 themify_builder tf_clear\">\n    <\/div>\n<!--\/themify_builder_content-->\n","protected":false},"excerpt":{"rendered":"<p>Declaraci\u00f3n de principios fundamentales que los monasterios de la Congregaci\u00f3n de la Corona de Arag\u00f3n del Orden Cisterciense&#8230;<\/p>\n","protected":false},"author":21,"featured_media":74777,"comment_status":"closed","ping_status":"closed","sticky":false,"template":"","format":"standard","meta":{"_acf_changed":false,"footnotes":""},"categories":[108],"tags":[254,312,275],"class_list":["post-66687","post","type-post","status-publish","format-standard","has-post-thumbnail","hentry","category-declaraciones","tag-conservacion","tag-cristianismo","tag-etica-es","has-post-title","has-post-date","has-post-category","has-post-tag","has-post-comment","has-post-author",""],"acf":[],"_links":{"self":[{"href":"https:\/\/www.silene.ong\/es\/wp-json\/wp\/v2\/posts\/66687","targetHints":{"allow":["GET"]}}],"collection":[{"href":"https:\/\/www.silene.ong\/es\/wp-json\/wp\/v2\/posts"}],"about":[{"href":"https:\/\/www.silene.ong\/es\/wp-json\/wp\/v2\/types\/post"}],"author":[{"embeddable":true,"href":"https:\/\/www.silene.ong\/es\/wp-json\/wp\/v2\/users\/21"}],"replies":[{"embeddable":true,"href":"https:\/\/www.silene.ong\/es\/wp-json\/wp\/v2\/comments?post=66687"}],"version-history":[{"count":5,"href":"https:\/\/www.silene.ong\/es\/wp-json\/wp\/v2\/posts\/66687\/revisions"}],"predecessor-version":[{"id":86327,"href":"https:\/\/www.silene.ong\/es\/wp-json\/wp\/v2\/posts\/66687\/revisions\/86327"}],"wp:featuredmedia":[{"embeddable":true,"href":"https:\/\/www.silene.ong\/es\/wp-json\/wp\/v2\/media\/74777"}],"wp:attachment":[{"href":"https:\/\/www.silene.ong\/es\/wp-json\/wp\/v2\/media?parent=66687"}],"wp:term":[{"taxonomy":"category","embeddable":true,"href":"https:\/\/www.silene.ong\/es\/wp-json\/wp\/v2\/categories?post=66687"},{"taxonomy":"post_tag","embeddable":true,"href":"https:\/\/www.silene.ong\/es\/wp-json\/wp\/v2\/tags?post=66687"}],"curies":[{"name":"wp","href":"https:\/\/api.w.org\/{rel}","templated":true}]}}