{"id":66915,"date":"2018-10-25T12:53:52","date_gmt":"2018-10-25T10:53:52","guid":{"rendered":"http:\/\/silene.idilicstudio.com\/?p=66915"},"modified":"2021-02-18T21:09:10","modified_gmt":"2021-02-18T20:09:10","slug":"enfoque-conocimiento-tradicional-indigena-cuidado-un-area-especial-plasma-germinal-medicinal-putumayo-colombia","status":"publish","type":"post","link":"https:\/\/www.silene.ong\/es\/centro-de-documentacion\/documentos-de-gestion\/enfoque-conocimiento-tradicional-indigena-cuidado-un-area-especial-plasma-germinal-medicinal-putumayo-colombia","title":{"rendered":"Enfoque de conocimiento tradicional ind\u00edgena en el cuidado de un \u00e1rea especial de plasma germinal medicinal en Putumayo, Colombia"},"content":{"rendered":"<p>Un grupo de chamanes de diferentes pueblos ind\u00edgenas del Piedemonte Amaz\u00f3nico de Colombia colabora en el proceso de recuperaci\u00f3n biol\u00f3gico y cultural de su territorio. A trav\u00e9s de la Uni\u00f3n de M\u00e9dicos Ind\u00edgenas Yageceros del Amazonia Colombiana (UMIYAC) los chamanes trabajan en coordinaci\u00f3n con el Instituto de Etnobiolog\u00eda para establecer un \u00e1rea especial de conservaci\u00f3n de flora medicinal, cuya gesti\u00f3n se basar\u00e1 en el conocimiento cient\u00edfico occidental y el conocimiento tradicional ind\u00edgena. Los conocimientos de estos chamanes recogen los fundamentos de la relaci\u00f3n entre la medicina tradicional y la gesti\u00f3n de la biodiversidad del territorio.El art\u00edculo presenta la relaci\u00f3n entre el manejo material e inmaterial que requiere el ejercicio de la profesi\u00f3n m\u00e9dica del cham\u00e1n y muestra los v\u00ednculos entre el uso de los recursos naturales utilizados en la medicina tradicional y el enfoque de custodia y gesti\u00f3n cultural de la naturaleza que se desprende de la cosmovisi\u00f3n ind\u00edgena.<\/p>\n<!--themify_builder_content-->\n<div id=\"themify_builder_content-66915\" data-postid=\"66915\" class=\"themify_builder_content themify_builder_content-66915 themify_builder tf_clear\">\n    <\/div>\n<!--\/themify_builder_content-->\n","protected":false},"excerpt":{"rendered":"<p>Un grupo de chamanes de diferentes pueblos ind\u00edgenas del Piedemonte Amaz\u00f3nico de Colombia colabora en el proceso de&#8230;<\/p>\n","protected":false},"author":21,"featured_media":82549,"comment_status":"closed","ping_status":"closed","sticky":false,"template":"","format":"standard","meta":{"_acf_changed":false,"footnotes":""},"categories":[111],"tags":[332,250,381],"class_list":["post-66915","post","type-post","status-publish","format-standard","has-post-thumbnail","hentry","category-documentos-de-gestion","tag-conocimientos-tradicionales","tag-pueblos-indigenas","tag-salud","has-post-title","has-post-date","has-post-category","has-post-tag","has-post-comment","has-post-author",""],"acf":[],"_links":{"self":[{"href":"https:\/\/www.silene.ong\/es\/wp-json\/wp\/v2\/posts\/66915","targetHints":{"allow":["GET"]}}],"collection":[{"href":"https:\/\/www.silene.ong\/es\/wp-json\/wp\/v2\/posts"}],"about":[{"href":"https:\/\/www.silene.ong\/es\/wp-json\/wp\/v2\/types\/post"}],"author":[{"embeddable":true,"href":"https:\/\/www.silene.ong\/es\/wp-json\/wp\/v2\/users\/21"}],"replies":[{"embeddable":true,"href":"https:\/\/www.silene.ong\/es\/wp-json\/wp\/v2\/comments?post=66915"}],"version-history":[{"count":2,"href":"https:\/\/www.silene.ong\/es\/wp-json\/wp\/v2\/posts\/66915\/revisions"}],"predecessor-version":[{"id":82555,"href":"https:\/\/www.silene.ong\/es\/wp-json\/wp\/v2\/posts\/66915\/revisions\/82555"}],"wp:featuredmedia":[{"embeddable":true,"href":"https:\/\/www.silene.ong\/es\/wp-json\/wp\/v2\/media\/82549"}],"wp:attachment":[{"href":"https:\/\/www.silene.ong\/es\/wp-json\/wp\/v2\/media?parent=66915"}],"wp:term":[{"taxonomy":"category","embeddable":true,"href":"https:\/\/www.silene.ong\/es\/wp-json\/wp\/v2\/categories?post=66915"},{"taxonomy":"post_tag","embeddable":true,"href":"https:\/\/www.silene.ong\/es\/wp-json\/wp\/v2\/tags?post=66915"}],"curies":[{"name":"wp","href":"https:\/\/api.w.org\/{rel}","templated":true}]}}