{"id":66955,"date":"2018-10-25T12:53:55","date_gmt":"2018-10-25T10:53:55","guid":{"rendered":"http:\/\/silene.idilicstudio.com\/?p=66955"},"modified":"2021-02-21T03:57:19","modified_gmt":"2021-02-21T02:57:19","slug":"proteccion-medio-ambiente-pautas-monasterios-budistas-centros-comunidades-karma-kagyu","status":"publish","type":"post","link":"https:\/\/www.silene.ong\/es\/centro-de-documentacion\/documentos-estrategicos\/proteccion-medio-ambiente-pautas-monasterios-budistas-centros-comunidades-karma-kagyu","title":{"rendered":"Protecci\u00f3n del medio ambiente. Pautas para los monasterios budistas, centros y comunidades Karma Kagyu"},"content":{"rendered":"<p>Despu\u00e9s de un prefacio donde el autor recuerda los principios esenciales del budismo en relaci\u00f3n al medio ambiente, la obra se estructura en cinco partes dedicadas, respectivamente, a la protecci\u00f3n de los bosques, del agua, de la fauna y flora silvestres, a la gesti\u00f3n de los residuos y al cambio clim\u00e1tico.<\/p>\n<p>Para cada uno de ellos recuerda qu\u00e9 importancia tiene desde el punto de vista budista y qu\u00e9 funciones ambientales y ecol\u00f3gicas hacen; expone cu\u00e1les son los principales problemas que lo afectan y qu\u00e9 se puede hacer para remediarlo, con propuestas de acciones concretas y pr\u00e1cticas. Acaba con unas directrices para adaptarse a espacios muy vulnerables y unas recomendaciones organizativas para los monasterios.<\/p>\n<p>Estas directrices fueron presentadas en el primer Congreso sobre protecci\u00f3n ambiental de los monasterios y centros de budismo tibetano Kagyu en el a\u00f1o 2009, con la esperanza de aumentar la conciencia medioambiental en la regi\u00f3n de Himalaya.<\/p>\n<!--themify_builder_content-->\n<div id=\"themify_builder_content-66955\" data-postid=\"66955\" class=\"themify_builder_content themify_builder_content-66955 themify_builder tf_clear\">\n    <\/div>\n<!--\/themify_builder_content-->\n","protected":false},"excerpt":{"rendered":"<p>Despu\u00e9s de un prefacio donde el autor recuerda los principios esenciales del budismo en relaci\u00f3n al medio ambiente,&#8230;<\/p>\n","protected":false},"author":21,"featured_media":78439,"comment_status":"closed","ping_status":"closed","sticky":false,"template":"","format":"standard","meta":{"_acf_changed":false,"footnotes":""},"categories":[117],"tags":[305,248,269],"class_list":["post-66955","post","type-post","status-publish","format-standard","has-post-thumbnail","hentry","category-documentos-estrategicos","tag-budismo","tag-comunidades-locales","tag-educacion-ambiental","has-post-title","has-post-date","has-post-category","has-post-tag","has-post-comment","has-post-author",""],"acf":[],"_links":{"self":[{"href":"https:\/\/www.silene.ong\/es\/wp-json\/wp\/v2\/posts\/66955","targetHints":{"allow":["GET"]}}],"collection":[{"href":"https:\/\/www.silene.ong\/es\/wp-json\/wp\/v2\/posts"}],"about":[{"href":"https:\/\/www.silene.ong\/es\/wp-json\/wp\/v2\/types\/post"}],"author":[{"embeddable":true,"href":"https:\/\/www.silene.ong\/es\/wp-json\/wp\/v2\/users\/21"}],"replies":[{"embeddable":true,"href":"https:\/\/www.silene.ong\/es\/wp-json\/wp\/v2\/comments?post=66955"}],"version-history":[{"count":3,"href":"https:\/\/www.silene.ong\/es\/wp-json\/wp\/v2\/posts\/66955\/revisions"}],"predecessor-version":[{"id":85858,"href":"https:\/\/www.silene.ong\/es\/wp-json\/wp\/v2\/posts\/66955\/revisions\/85858"}],"wp:featuredmedia":[{"embeddable":true,"href":"https:\/\/www.silene.ong\/es\/wp-json\/wp\/v2\/media\/78439"}],"wp:attachment":[{"href":"https:\/\/www.silene.ong\/es\/wp-json\/wp\/v2\/media?parent=66955"}],"wp:term":[{"taxonomy":"category","embeddable":true,"href":"https:\/\/www.silene.ong\/es\/wp-json\/wp\/v2\/categories?post=66955"},{"taxonomy":"post_tag","embeddable":true,"href":"https:\/\/www.silene.ong\/es\/wp-json\/wp\/v2\/tags?post=66955"}],"curies":[{"name":"wp","href":"https:\/\/api.w.org\/{rel}","templated":true}]}}