{"id":67027,"date":"2013-10-25T12:53:58","date_gmt":"2013-10-25T11:53:58","guid":{"rendered":"http:\/\/silene.idilicstudio.com\/?p=67027"},"modified":"2021-02-18T21:14:51","modified_gmt":"2021-02-18T20:14:51","slug":"declaracion-universal-derechos-madre-tierra","status":"publish","type":"post","link":"https:\/\/www.silene.ong\/es\/centro-de-documentacion\/declaracion-universal-derechos-madre-tierra","title":{"rendered":"Declaraci\u00f3n Universal de los Derechos de la Madre Tierra"},"content":{"rendered":"<p>Declaraci\u00f3n final del grupo de trabajo sobre los derechos de la Madre Tierra de la Conferencia Mundial de los Pueblos Ind\u00edgenas sobre el Cambio Clim\u00e1tico y los derechos de la Madre Tierra, celebrada del 20 al 22 de abril del 2010 en Cochabamba (Bolivia) y apoyada por 241 colectivos de todo el mundo.<\/p>\n<p>Se pretende que este proyecto de declaraci\u00f3n universal sea aprobado en la Asamblea General de la Organizaci\u00f3n de las Naciones Unidas. El proyecto de declaraci\u00f3n consta de un pre\u00e1mbulo y cuatro art\u00edculos. En el pre\u00e1mbulo se reconoce el papel del Planeta, la Madre Tierra, como fuente de vida, as\u00ed como los abusos que sufre y la necesidad de adoptar medidas para detenerlos. El art\u00edculo primero define qu\u00e9 es la Madre Tierra y la relaci\u00f3n con todos los seres que dependemos de ella. El segundo art\u00edculo especifica los derechos de la Madre Tierra y todos los seres que la componen; el tercero establece las obligaciones de los seres humanos hacia la Madre Tierra, para vivir con armon\u00eda, y el cuarto contiene las definiciones de los t\u00e9rminos clave.<\/p>\n<!--themify_builder_content-->\n<div id=\"themify_builder_content-67027\" data-postid=\"67027\" class=\"themify_builder_content themify_builder_content-67027 themify_builder tf_clear\">\n    <\/div>\n<!--\/themify_builder_content-->\n","protected":false},"excerpt":{"rendered":"<p>Declaraci\u00f3n final del grupo de trabajo sobre los derechos de la Madre Tierra de la Conferencia Mundial de&#8230;<\/p>\n","protected":false},"author":21,"featured_media":78784,"comment_status":"closed","ping_status":"closed","sticky":false,"template":"","format":"standard","meta":{"_acf_changed":false,"footnotes":""},"categories":[103,108],"tags":[257,275,250],"class_list":["post-67027","post","type-post","status-publish","format-standard","has-post-thumbnail","hentry","category-centro-de-documentacion","category-declaraciones","tag-cosmovision","tag-etica-es","tag-pueblos-indigenas","has-post-title","has-post-date","has-post-category","has-post-tag","has-post-comment","has-post-author",""],"acf":[],"_links":{"self":[{"href":"https:\/\/www.silene.ong\/es\/wp-json\/wp\/v2\/posts\/67027","targetHints":{"allow":["GET"]}}],"collection":[{"href":"https:\/\/www.silene.ong\/es\/wp-json\/wp\/v2\/posts"}],"about":[{"href":"https:\/\/www.silene.ong\/es\/wp-json\/wp\/v2\/types\/post"}],"author":[{"embeddable":true,"href":"https:\/\/www.silene.ong\/es\/wp-json\/wp\/v2\/users\/21"}],"replies":[{"embeddable":true,"href":"https:\/\/www.silene.ong\/es\/wp-json\/wp\/v2\/comments?post=67027"}],"version-history":[{"count":3,"href":"https:\/\/www.silene.ong\/es\/wp-json\/wp\/v2\/posts\/67027\/revisions"}],"predecessor-version":[{"id":81693,"href":"https:\/\/www.silene.ong\/es\/wp-json\/wp\/v2\/posts\/67027\/revisions\/81693"}],"wp:featuredmedia":[{"embeddable":true,"href":"https:\/\/www.silene.ong\/es\/wp-json\/wp\/v2\/media\/78784"}],"wp:attachment":[{"href":"https:\/\/www.silene.ong\/es\/wp-json\/wp\/v2\/media?parent=67027"}],"wp:term":[{"taxonomy":"category","embeddable":true,"href":"https:\/\/www.silene.ong\/es\/wp-json\/wp\/v2\/categories?post=67027"},{"taxonomy":"post_tag","embeddable":true,"href":"https:\/\/www.silene.ong\/es\/wp-json\/wp\/v2\/tags?post=67027"}],"curies":[{"name":"wp","href":"https:\/\/api.w.org\/{rel}","templated":true}]}}