{"id":67060,"date":"2011-10-25T12:54:00","date_gmt":"2011-10-25T11:54:00","guid":{"rendered":"http:\/\/silene.idilicstudio.com\/?p=67060"},"modified":"2021-02-21T15:52:28","modified_gmt":"2021-02-21T14:52:28","slug":"declaracion-kyoto-pueblos-indigenas-agua","status":"publish","type":"post","link":"https:\/\/www.silene.ong\/es\/centro-de-documentacion\/declaraciones\/declaracion-kyoto-pueblos-indigenas-agua","title":{"rendered":"Declaraci\u00f3n de Kyoto de los Pueblos Ind\u00edgenas sobre el Agua"},"content":{"rendered":"<p>Declaraci\u00f3n realizada por representantes de pueblos ind\u00edgenas de diferentes partes del mundo sobre la relaci\u00f3n de sus comunidades con el agua y la Madre Tierra; el estado de las aguas, cada vez m\u00e1s contaminadas, escasas y utilizadas de forma inadecuada; el derecho de los pueblos ind\u00edgenas a la libre determinaci\u00f3n sobre sus recursos naturales; sus conocimientos tradicionales, que se basan en leyes naturales y espirituales que garantizan el uso sostenible de los recursos; la obligaci\u00f3n de los gobiernos, empresas y organizaciones intergubernamentales a consultar y actuar conforme el consentimiento previo, libre e informado de los pueblos ind\u00edgenas; as\u00ed como el planteamiento de un plan de acci\u00f3n a realizar tanto por los pueblos ind\u00edgenas como por los gobiernos y otras organizaciones.<\/p>\n<!--themify_builder_content-->\n<div id=\"themify_builder_content-67060\" data-postid=\"67060\" class=\"themify_builder_content themify_builder_content-67060 themify_builder tf_clear\">\n    <\/div>\n<!--\/themify_builder_content-->\n","protected":false},"excerpt":{"rendered":"<p>Declaraci\u00f3n realizada por representantes de pueblos ind\u00edgenas de diferentes partes del mundo sobre la relaci\u00f3n de sus comunidades&#8230;<\/p>\n","protected":false},"author":21,"featured_media":78599,"comment_status":"closed","ping_status":"closed","sticky":false,"template":"","format":"standard","meta":{"_acf_changed":false,"footnotes":""},"categories":[108],"tags":[275,250,364],"class_list":["post-67060","post","type-post","status-publish","format-standard","has-post-thumbnail","hentry","category-declaraciones","tag-etica-es","tag-pueblos-indigenas","tag-tradiciones-ancestrales-es","has-post-title","has-post-date","has-post-category","has-post-tag","has-post-comment","has-post-author",""],"acf":[],"_links":{"self":[{"href":"https:\/\/www.silene.ong\/es\/wp-json\/wp\/v2\/posts\/67060","targetHints":{"allow":["GET"]}}],"collection":[{"href":"https:\/\/www.silene.ong\/es\/wp-json\/wp\/v2\/posts"}],"about":[{"href":"https:\/\/www.silene.ong\/es\/wp-json\/wp\/v2\/types\/post"}],"author":[{"embeddable":true,"href":"https:\/\/www.silene.ong\/es\/wp-json\/wp\/v2\/users\/21"}],"replies":[{"embeddable":true,"href":"https:\/\/www.silene.ong\/es\/wp-json\/wp\/v2\/comments?post=67060"}],"version-history":[{"count":2,"href":"https:\/\/www.silene.ong\/es\/wp-json\/wp\/v2\/posts\/67060\/revisions"}],"predecessor-version":[{"id":79183,"href":"https:\/\/www.silene.ong\/es\/wp-json\/wp\/v2\/posts\/67060\/revisions\/79183"}],"wp:featuredmedia":[{"embeddable":true,"href":"https:\/\/www.silene.ong\/es\/wp-json\/wp\/v2\/media\/78599"}],"wp:attachment":[{"href":"https:\/\/www.silene.ong\/es\/wp-json\/wp\/v2\/media?parent=67060"}],"wp:term":[{"taxonomy":"category","embeddable":true,"href":"https:\/\/www.silene.ong\/es\/wp-json\/wp\/v2\/categories?post=67060"},{"taxonomy":"post_tag","embeddable":true,"href":"https:\/\/www.silene.ong\/es\/wp-json\/wp\/v2\/tags?post=67060"}],"curies":[{"name":"wp","href":"https:\/\/api.w.org\/{rel}","templated":true}]}}