{"id":67193,"date":"2018-10-25T12:54:13","date_gmt":"2018-10-25T10:54:13","guid":{"rendered":"http:\/\/silene.idilicstudio.com\/?p=67193"},"modified":"2021-02-19T02:16:06","modified_gmt":"2021-02-19T01:16:06","slug":"the-inner-dimension-of-going-green-articulating-and-islamic-deep-ecology","status":"publish","type":"post","link":"https:\/\/www.silene.ong\/es\/centro-de-documentacion\/reflexiones-sobre-ciencia-y-espiritualidad-es\/the-inner-dimension-of-going-green-articulating-and-islamic-deep-ecology","title":{"rendered":"The Inner Dimension of Going Green: Articulating and Islamic Deep-Ecology"},"content":{"rendered":"<p>La interacci\u00f3n isl\u00e1mica con la naturaleza ha sido claramente delimitada y dirigida por preceptos \u00e9ticos fundamentales como la misericordia, la moderaci\u00f3n y la gratitud, que, cuando se entienden y se aplican de manera sistem\u00e1tica, dan como resultado la salud ecol\u00f3gica. Pero los preceptos \u00e9ticos se refieren, en \u00faltima instancia, a la propia naturaleza humana, y la salud ecol\u00f3gica por lo tanto, tiene sus ra\u00edces en la salud psicol\u00f3gica. Desde esta perspectiva y a un nivel profundo, la degradaci\u00f3n ambiental puede ser entendida como un problema de actitudes. El art\u00edculo adopta este enfoque psico-ecol\u00f3gico hacia la conservaci\u00f3n y mejora de la salud ambiental a partir de aspectos clave de la historia intelectual del Islam y su importancia para una nueva articulaci\u00f3n y aplicaci\u00f3n de los valores ambientales aut\u00e9nticos de \u00e9tica isl\u00e1mica en el mundo de hoy. Por eso, el autor lo define esta perspectiva como ecolog\u00eda profunda isl\u00e1mica.<\/p>\n<!--themify_builder_content-->\n<div id=\"themify_builder_content-67193\" data-postid=\"67193\" class=\"themify_builder_content themify_builder_content-67193 themify_builder tf_clear\">\n    <\/div>\n<!--\/themify_builder_content-->\n","protected":false},"excerpt":{"rendered":"<p>La interacci\u00f3n isl\u00e1mica con la naturaleza ha sido claramente delimitada y dirigida por preceptos \u00e9ticos fundamentales como la&#8230;<\/p>\n","protected":false},"author":21,"featured_media":76281,"comment_status":"closed","ping_status":"closed","sticky":false,"template":"","format":"standard","meta":{"_acf_changed":false,"footnotes":""},"categories":[138,141],"tags":[254,275,390],"class_list":["post-67193","post","type-post","status-publish","format-standard","has-post-thumbnail","hentry","category-reflexiones-sobre-ciencia-y-espiritualidad-es","category-reflexiones-sobre-naturaleza-y-espiritualidad","tag-conservacion","tag-etica-es","tag-islam-es","has-post-title","has-post-date","has-post-category","has-post-tag","has-post-comment","has-post-author",""],"acf":[],"_links":{"self":[{"href":"https:\/\/www.silene.ong\/es\/wp-json\/wp\/v2\/posts\/67193","targetHints":{"allow":["GET"]}}],"collection":[{"href":"https:\/\/www.silene.ong\/es\/wp-json\/wp\/v2\/posts"}],"about":[{"href":"https:\/\/www.silene.ong\/es\/wp-json\/wp\/v2\/types\/post"}],"author":[{"embeddable":true,"href":"https:\/\/www.silene.ong\/es\/wp-json\/wp\/v2\/users\/21"}],"replies":[{"embeddable":true,"href":"https:\/\/www.silene.ong\/es\/wp-json\/wp\/v2\/comments?post=67193"}],"version-history":[{"count":1,"href":"https:\/\/www.silene.ong\/es\/wp-json\/wp\/v2\/posts\/67193\/revisions"}],"predecessor-version":[{"id":83982,"href":"https:\/\/www.silene.ong\/es\/wp-json\/wp\/v2\/posts\/67193\/revisions\/83982"}],"wp:featuredmedia":[{"embeddable":true,"href":"https:\/\/www.silene.ong\/es\/wp-json\/wp\/v2\/media\/76281"}],"wp:attachment":[{"href":"https:\/\/www.silene.ong\/es\/wp-json\/wp\/v2\/media?parent=67193"}],"wp:term":[{"taxonomy":"category","embeddable":true,"href":"https:\/\/www.silene.ong\/es\/wp-json\/wp\/v2\/categories?post=67193"},{"taxonomy":"post_tag","embeddable":true,"href":"https:\/\/www.silene.ong\/es\/wp-json\/wp\/v2\/tags?post=67193"}],"curies":[{"name":"wp","href":"https:\/\/api.w.org\/{rel}","templated":true}]}}