{"id":67280,"date":"2012-10-25T12:54:19","date_gmt":"2012-10-25T11:54:19","guid":{"rendered":"http:\/\/silene.idilicstudio.com\/?p=67280"},"modified":"2021-02-21T03:54:45","modified_gmt":"2021-02-21T02:54:45","slug":"rec-147-sitios-naturales-sagrados-apoyo-protocolos-su-custodia-al-derecho-consuetudinario-frente-amenazas-desafios-globales","status":"publish","type":"post","link":"https:\/\/www.silene.ong\/es\/centro-de-documentacion\/documentos-estrategicos\/rec-147-sitios-naturales-sagrados-apoyo-protocolos-su-custodia-al-derecho-consuetudinario-frente-amenazas-desafios-globales","title":{"rendered":"Recomendaci\u00f3n para apoyar los protocolos para la custodia de los sitios sagrados y al derecho consuetudinario frente a las amenazas y desaf\u00edos globales"},"content":{"rendered":"<p>Recomendaci\u00f3n que llama a todos los estados miembros de la UICN a reconocer los derechos de los pueblos ind\u00edgenas a practicar sus tradiciones y costumbres culturales, (&#8230;), para involucrar a los pueblos ind\u00edgenas, las comunidades locales, los grupos religiosos y los custodios de los sitios sagrados naturales y territorios, a reconocer sus normas y protocolos consuetudinarios culturales para su gesti\u00f3n y territorios, desarrollando programas que respeten y apoyen dichas normas e instituciones asociadas (&#8230;). La recomendaci\u00f3n insta tambi\u00e9n a los gobiernos nacionales de los Estados Miembros de la UICN y otros a crear sistemas adecuados de pol\u00edticas, leyes y programas (&#8230;) que permitan a los custodios mantener y proteger sus lugares sagrados naturales con sus pr\u00e1cticas tradicionales (&#8230;) y recomienda a todos los gobiernos que desarrollen la legislaci\u00f3n nacional para alcanzar dichos objetivos.<\/p>\n<!--themify_builder_content-->\n<div id=\"themify_builder_content-67280\" data-postid=\"67280\" class=\"themify_builder_content themify_builder_content-67280 themify_builder tf_clear\">\n    <\/div>\n<!--\/themify_builder_content-->\n","protected":false},"excerpt":{"rendered":"<p>Recomendaci\u00f3n que llama a todos los estados miembros de la UICN a reconocer los derechos de los pueblos&#8230;<\/p>\n","protected":false},"author":21,"featured_media":76272,"comment_status":"closed","ping_status":"closed","sticky":false,"template":"","format":"standard","meta":{"_acf_changed":false,"footnotes":""},"categories":[117],"tags":[331,254,278,250],"class_list":["post-67280","post","type-post","status-publish","format-standard","has-post-thumbnail","hentry","category-documentos-estrategicos","tag-areas-protegidas","tag-conservacion","tag-gobernanza","tag-pueblos-indigenas","has-post-title","has-post-date","has-post-category","has-post-tag","has-post-comment","has-post-author",""],"acf":[],"_links":{"self":[{"href":"https:\/\/www.silene.ong\/es\/wp-json\/wp\/v2\/posts\/67280","targetHints":{"allow":["GET"]}}],"collection":[{"href":"https:\/\/www.silene.ong\/es\/wp-json\/wp\/v2\/posts"}],"about":[{"href":"https:\/\/www.silene.ong\/es\/wp-json\/wp\/v2\/types\/post"}],"author":[{"embeddable":true,"href":"https:\/\/www.silene.ong\/es\/wp-json\/wp\/v2\/users\/21"}],"replies":[{"embeddable":true,"href":"https:\/\/www.silene.ong\/es\/wp-json\/wp\/v2\/comments?post=67280"}],"version-history":[{"count":3,"href":"https:\/\/www.silene.ong\/es\/wp-json\/wp\/v2\/posts\/67280\/revisions"}],"predecessor-version":[{"id":81053,"href":"https:\/\/www.silene.ong\/es\/wp-json\/wp\/v2\/posts\/67280\/revisions\/81053"}],"wp:featuredmedia":[{"embeddable":true,"href":"https:\/\/www.silene.ong\/es\/wp-json\/wp\/v2\/media\/76272"}],"wp:attachment":[{"href":"https:\/\/www.silene.ong\/es\/wp-json\/wp\/v2\/media?parent=67280"}],"wp:term":[{"taxonomy":"category","embeddable":true,"href":"https:\/\/www.silene.ong\/es\/wp-json\/wp\/v2\/categories?post=67280"},{"taxonomy":"post_tag","embeddable":true,"href":"https:\/\/www.silene.ong\/es\/wp-json\/wp\/v2\/tags?post=67280"}],"curies":[{"name":"wp","href":"https:\/\/api.w.org\/{rel}","templated":true}]}}