{"id":67354,"date":"2000-10-25T12:54:26","date_gmt":"2000-10-25T11:54:26","guid":{"rendered":"http:\/\/silene.idilicstudio.com\/?p=67354"},"modified":"2021-02-21T13:56:47","modified_gmt":"2021-02-21T12:56:47","slug":"the-buddhist-declaration-on-nature","status":"publish","type":"post","link":"https:\/\/www.silene.ong\/es\/centro-de-documentacion\/declaraciones\/the-buddhist-declaration-on-nature","title":{"rendered":"The Buddhist Declaration on Nature"},"content":{"rendered":"<p>Declaraci\u00f3n sobre la conservaci\u00f3n de la naturaleza desde el punto de vista del budismo, que surgi\u00f3 del primer encuentro interreligioso sobre la conservaci\u00f3n de la naturaleza, que se llev\u00f3 a cabo en As\u00eds (Italia) en 1986, organizado por el WWF Internacional. La reuni\u00f3n emiti\u00f3 declaraciones de los representantes de las cinco religiones m\u00e1s importantes del mundo \u2013budismo, cristianismo, hinduismo, islamismo y juda\u00edsmo- tratando el tema de la conservaci\u00f3n de la naturaleza desde el punto de vista religioso.La declaraci\u00f3n subraya que mientras haya acciones negativas hacia la naturaleza continuar\u00e1n habiendo tambi\u00e9n consecuencias negativas. Un compromiso humano motivado por una actitud sana y positiva es una de las principales causas de felicidad. En la protecci\u00f3n del medio ambiente no se deben tener en cuenta s\u00f3lo los seres humanos sino tambi\u00e9n todos los seres de este mundo porque de ello depende su supervivencia. En el pasado la gente era consciente de la necesidad de armon\u00eda entre los seres humanos y la naturaleza, la veneraban y cre\u00edan que varios esp\u00edritus y fuerzas se encontraban inactivos en los r\u00edos, las monta\u00f1as, los lagos y los \u00e1rboles. Cualquier mal que se hiciera a alguno de ellos traer\u00eda sequ\u00edas, epidemias y enfermedades a los seres humanos y la p\u00e9rdida de fertilidad de la tierra. La restauraci\u00f3n del equilibrio medioambiental es necesario, hace falta que sea implementado con valor y determinaci\u00f3n.<\/p>\n<!--themify_builder_content-->\n<div id=\"themify_builder_content-67354\" data-postid=\"67354\" class=\"themify_builder_content themify_builder_content-67354 themify_builder tf_clear\">\n    <\/div>\n<!--\/themify_builder_content-->\n","protected":false},"excerpt":{"rendered":"<p>Declaraci\u00f3n sobre la conservaci\u00f3n de la naturaleza desde el punto de vista del budismo, que surgi\u00f3 del primer&#8230;<\/p>\n","protected":false},"author":21,"featured_media":78918,"comment_status":"closed","ping_status":"closed","sticky":false,"template":"","format":"standard","meta":{"_acf_changed":false,"footnotes":""},"categories":[108],"tags":[305],"class_list":["post-67354","post","type-post","status-publish","format-standard","has-post-thumbnail","hentry","category-declaraciones","tag-budismo","has-post-title","has-post-date","has-post-category","has-post-tag","has-post-comment","has-post-author",""],"acf":[],"_links":{"self":[{"href":"https:\/\/www.silene.ong\/es\/wp-json\/wp\/v2\/posts\/67354","targetHints":{"allow":["GET"]}}],"collection":[{"href":"https:\/\/www.silene.ong\/es\/wp-json\/wp\/v2\/posts"}],"about":[{"href":"https:\/\/www.silene.ong\/es\/wp-json\/wp\/v2\/types\/post"}],"author":[{"embeddable":true,"href":"https:\/\/www.silene.ong\/es\/wp-json\/wp\/v2\/users\/21"}],"replies":[{"embeddable":true,"href":"https:\/\/www.silene.ong\/es\/wp-json\/wp\/v2\/comments?post=67354"}],"version-history":[{"count":2,"href":"https:\/\/www.silene.ong\/es\/wp-json\/wp\/v2\/posts\/67354\/revisions"}],"predecessor-version":[{"id":79151,"href":"https:\/\/www.silene.ong\/es\/wp-json\/wp\/v2\/posts\/67354\/revisions\/79151"}],"wp:featuredmedia":[{"embeddable":true,"href":"https:\/\/www.silene.ong\/es\/wp-json\/wp\/v2\/media\/78918"}],"wp:attachment":[{"href":"https:\/\/www.silene.ong\/es\/wp-json\/wp\/v2\/media?parent=67354"}],"wp:term":[{"taxonomy":"category","embeddable":true,"href":"https:\/\/www.silene.ong\/es\/wp-json\/wp\/v2\/categories?post=67354"},{"taxonomy":"post_tag","embeddable":true,"href":"https:\/\/www.silene.ong\/es\/wp-json\/wp\/v2\/tags?post=67354"}],"curies":[{"name":"wp","href":"https:\/\/api.w.org\/{rel}","templated":true}]}}