{"id":67359,"date":"2018-10-25T12:54:26","date_gmt":"2018-10-25T10:54:26","guid":{"rendered":"http:\/\/silene.idilicstudio.com\/?p=67359"},"modified":"2019-05-15T11:08:20","modified_gmt":"2019-05-15T10:08:20","slug":"the-christian-declaration-on-nature","status":"publish","type":"post","link":"https:\/\/www.silene.ong\/es\/centro-de-documentacion\/declaraciones\/the-christian-declaration-on-nature","title":{"rendered":"Declaraci\u00f3n cristiana sobre la Naturaleza"},"content":{"rendered":"<p>Declaraci\u00f3n sobre la conservaci\u00f3n de la naturaleza desde el punto de vista del cristianismo, que surgi\u00f3 del primer encuentro interreligioso sobre la conservaci\u00f3n de la naturaleza, llevada a cabo en As\u00eds (Italia) en 1986, organizado por el WWF Internacional. La reuni\u00f3n concluy\u00f3 con las\u00a0 declaraciones de los representantes de las cinco religiones m\u00e1s importantes del mundo \u2013budismo, cristianismo, hinduismo, islam y juda\u00edsmo- tratando el tema de la conservaci\u00f3n de la naturaleza desde el punto de vista religioso.<\/p>\n<p>Desde el punto de vista crstiano, la Naturaleza es creaci\u00f3n de Dios, quien no ha creado nada innecesario ni ha omitido nada necesario. Incluso, en la oposici\u00f3n mutua de los diversos elementos del universo existe una armon\u00eda divina. Las diferentes formas que manifiestan\u00a0 los seres y el prop\u00f3sito de su existencia llevan a la perfecci\u00f3n la belleza del universo. El hombre es quien ha recibido la mayor responsabilidad porque se le ha confiado no s\u00f3lo el dominio sobre los otros seres, sino\u00a0 tambi\u00e9n su salvaguardia. Pero a lo largo de la historia el hombre ha cometido muchas injusticias, ha dominado y explotado la naturaleza hasta el punto de no vivir en armon\u00eda con la creaci\u00f3n. En esta declaraci\u00f3n se pide que se rechacen todas aquellas actividades humanas que llevan a las guerras, discriminaci\u00f3n y destrucci\u00f3n de culturas, que no respetan los intereses aut\u00e9nticos de la humanidad y que, por lo tanto, no permiten a los hombres cumplir su vocaci\u00f3n dentro de la armon\u00eda del universo.<\/p>\n","protected":false},"excerpt":{"rendered":"<p>Declaraci\u00f3n sobre la conservaci\u00f3n de la naturaleza desde el punto de vista del cristianismo, que surgi\u00f3 del primer&#8230;<\/p>\n","protected":false},"author":21,"featured_media":78925,"comment_status":"closed","ping_status":"closed","sticky":false,"template":"","format":"standard","meta":{"_acf_changed":false,"footnotes":""},"categories":[108],"tags":[312,275],"class_list":["post-67359","post","type-post","status-publish","format-standard","has-post-thumbnail","hentry","category-declaraciones","tag-cristianismo","tag-etica-es","has-post-title","has-post-date","has-post-category","has-post-tag","has-post-comment","has-post-author",""],"acf":[],"_links":{"self":[{"href":"https:\/\/www.silene.ong\/es\/wp-json\/wp\/v2\/posts\/67359","targetHints":{"allow":["GET"]}}],"collection":[{"href":"https:\/\/www.silene.ong\/es\/wp-json\/wp\/v2\/posts"}],"about":[{"href":"https:\/\/www.silene.ong\/es\/wp-json\/wp\/v2\/types\/post"}],"author":[{"embeddable":true,"href":"https:\/\/www.silene.ong\/es\/wp-json\/wp\/v2\/users\/21"}],"replies":[{"embeddable":true,"href":"https:\/\/www.silene.ong\/es\/wp-json\/wp\/v2\/comments?post=67359"}],"version-history":[{"count":1,"href":"https:\/\/www.silene.ong\/es\/wp-json\/wp\/v2\/posts\/67359\/revisions"}],"predecessor-version":[{"id":81659,"href":"https:\/\/www.silene.ong\/es\/wp-json\/wp\/v2\/posts\/67359\/revisions\/81659"}],"wp:featuredmedia":[{"embeddable":true,"href":"https:\/\/www.silene.ong\/es\/wp-json\/wp\/v2\/media\/78925"}],"wp:attachment":[{"href":"https:\/\/www.silene.ong\/es\/wp-json\/wp\/v2\/media?parent=67359"}],"wp:term":[{"taxonomy":"category","embeddable":true,"href":"https:\/\/www.silene.ong\/es\/wp-json\/wp\/v2\/categories?post=67359"},{"taxonomy":"post_tag","embeddable":true,"href":"https:\/\/www.silene.ong\/es\/wp-json\/wp\/v2\/tags?post=67359"}],"curies":[{"name":"wp","href":"https:\/\/api.w.org\/{rel}","templated":true}]}}