{"id":67690,"date":"2018-10-25T12:55:29","date_gmt":"2018-10-25T10:55:29","guid":{"rendered":"http:\/\/silene.idilicstudio.com\/?p=67690"},"modified":"2021-02-20T08:49:36","modified_gmt":"2021-02-20T07:49:36","slug":"constitucion-republica-ecuador","status":"publish","type":"post","link":"https:\/\/www.silene.ong\/es\/centro-de-documentacion\/documentos-legales\/constitucion-republica-ecuador","title":{"rendered":"Constituci\u00f3n de la Rep\u00fablica del Ecuador: Derechos de la naturaleza"},"content":{"rendered":"<p>En septiembre de 2008 la Rep\u00fablica del Ecuador se convirti\u00f3 en el primer pa\u00eds del mundo en incorporar a la Constituci\u00f3n <strong>\u201clos derechos de la naturaleza<\/strong>\u201d, codificando as\u00ed un nuevo sistema jur\u00eddico de protecci\u00f3n del medio ambiente.<\/p>\n<p>Reflejando creencias y tradiciones de la poblaci\u00f3n ind\u00edgena de Ecuador, la Constituci\u00f3n declara que \u201dla naturaleza o Pacha Mama tiene derecho a existir, persistir, mantenerse y regenerar sus ciclos vitales, estructura, funciones y procesos en la evoluci\u00f3n\u201d.<\/p>\n<p>Este derecho constitucional \u201ces independiente de la obligaci\u00f3n de las personas naturales y jur\u00eddicas o del estado de indemnizar a la gente que depende de los sistemas naturales\u201d. La nueva Carta fundamental redefine la relaci\u00f3n de la gente con la naturaleza afirmando que \u00e9sta no es un objeto para apropi\u00e1rselo y explotarlo, sino <strong>una entidad con derechos que deber\u00e1 tratarse con igualdad ante la ley.<\/strong> (T\u00edtulo II, Cap\u00edtulo VII, art\u00edculos 71 al 74).<\/p>\n<!--themify_builder_content-->\n<div id=\"themify_builder_content-67690\" data-postid=\"67690\" class=\"themify_builder_content themify_builder_content-67690 themify_builder tf_clear\">\n    <\/div>\n<!--\/themify_builder_content-->\n","protected":false},"excerpt":{"rendered":"<p>En septiembre de 2008 la Rep\u00fablica del Ecuador se convirti\u00f3 en el primer pa\u00eds del mundo en incorporar&#8230;<\/p>\n","protected":false},"author":21,"featured_media":76527,"comment_status":"closed","ping_status":"closed","sticky":false,"template":"","format":"standard","meta":{"_acf_changed":false,"footnotes":""},"categories":[120],"tags":[392,257,266],"class_list":["post-67690","post","type-post","status-publish","format-standard","has-post-thumbnail","hentry","category-documentos-legales","tag-conservacio-es","tag-cosmovision","tag-derechos-naturaleza","has-post-title","has-post-date","has-post-category","has-post-tag","has-post-comment","has-post-author",""],"acf":[],"_links":{"self":[{"href":"https:\/\/www.silene.ong\/es\/wp-json\/wp\/v2\/posts\/67690","targetHints":{"allow":["GET"]}}],"collection":[{"href":"https:\/\/www.silene.ong\/es\/wp-json\/wp\/v2\/posts"}],"about":[{"href":"https:\/\/www.silene.ong\/es\/wp-json\/wp\/v2\/types\/post"}],"author":[{"embeddable":true,"href":"https:\/\/www.silene.ong\/es\/wp-json\/wp\/v2\/users\/21"}],"replies":[{"embeddable":true,"href":"https:\/\/www.silene.ong\/es\/wp-json\/wp\/v2\/comments?post=67690"}],"version-history":[{"count":5,"href":"https:\/\/www.silene.ong\/es\/wp-json\/wp\/v2\/posts\/67690\/revisions"}],"predecessor-version":[{"id":85910,"href":"https:\/\/www.silene.ong\/es\/wp-json\/wp\/v2\/posts\/67690\/revisions\/85910"}],"wp:featuredmedia":[{"embeddable":true,"href":"https:\/\/www.silene.ong\/es\/wp-json\/wp\/v2\/media\/76527"}],"wp:attachment":[{"href":"https:\/\/www.silene.ong\/es\/wp-json\/wp\/v2\/media?parent=67690"}],"wp:term":[{"taxonomy":"category","embeddable":true,"href":"https:\/\/www.silene.ong\/es\/wp-json\/wp\/v2\/categories?post=67690"},{"taxonomy":"post_tag","embeddable":true,"href":"https:\/\/www.silene.ong\/es\/wp-json\/wp\/v2\/tags?post=67690"}],"curies":[{"name":"wp","href":"https:\/\/api.w.org\/{rel}","templated":true}]}}