{"id":67733,"date":"2007-12-01T00:00:01","date_gmt":"2007-11-30T22:00:01","guid":{"rendered":"http:\/\/silene.idilicstudio.com\/?p=67733"},"modified":"2021-02-25T03:19:56","modified_gmt":"2021-02-25T02:19:56","slug":"santuarios-naturaleza-reflexiones-perspectivas-cataluna-2007","status":"publish","type":"post","link":"https:\/\/www.silene.ong\/es\/noticias\/santuarios-naturaleza-reflexiones-perspectivas-cataluna-2007","title":{"rendered":"Santuarios de Catalu\u00f1a y Baleares y Naturaleza: Reflexiones y perspectivas"},"content":{"rendered":"<p>En el marco de la <strong>28\u00aa Encuentro de Rectores de Santuarios de Catalu\u00f1a y Baleares<\/strong> que se celebr\u00f3 en N\u00faria del 12 al 14 de marzo 2007, Josep M. Mallarach y Jordi Falgarona, miembros de la Asociaci\u00f3n Silene y de la <a href=\"http:\/\/www.med-ina.org\/delos\/\" target=\"_blank\" rel=\"noopener\">Iniciativa Delos<\/a> (Comisi\u00f3n mundial de \u00e1reas protegidas), presentaron una comunicaci\u00f3n titulada \u201c<a href=\"https:\/\/www.silene.ong\/es\/centro-de-documentacion\/publicaciones\/els-santuaris-espais-naturals-protegits-reflexions-i-perspectives\"><em>Santuaris i Natura: reflexions i perspectives<\/em><\/a>\u201d.<\/p>\n<p>En la comunicaci\u00f3n se analizaba la situaci\u00f3n de los santuarios de Catalu\u00f1a y Baleares que se encuentran dentro de espacios naturales protegidos, y se propon\u00edan f\u00f3rmulas concretas de colaboraci\u00f3n entre los responsables de los santuarios y los de los espacios naturales protegidos en los que muchos de ellos se encuentran implantados -como el de Nuestra Se\u00f1ora de N\u00faria- a partir de los intereses y objetivos compartidos.<\/p>\n<!--themify_builder_content-->\n<div id=\"themify_builder_content-67733\" data-postid=\"67733\" class=\"themify_builder_content themify_builder_content-67733 themify_builder tf_clear\">\n    <\/div>\n<!--\/themify_builder_content-->\n","protected":false},"excerpt":{"rendered":"<p>En el marco de la 28\u00aa Encuentro de Rectores de Santuarios de Catalu\u00f1a y Baleares que se celebr\u00f3&#8230;<\/p>\n","protected":false},"author":21,"featured_media":77759,"comment_status":"closed","ping_status":"closed","sticky":false,"template":"","format":"standard","meta":{"_acf_changed":false,"footnotes":""},"categories":[132],"tags":[312,314,300],"class_list":["post-67733","post","type-post","status-publish","format-standard","has-post-thumbnail","hentry","category-noticias","tag-cristianismo","tag-lugares-sagrados","tag-valores-espirituales","has-post-title","has-post-date","has-post-category","has-post-tag","has-post-comment","has-post-author",""],"acf":[],"_links":{"self":[{"href":"https:\/\/www.silene.ong\/es\/wp-json\/wp\/v2\/posts\/67733","targetHints":{"allow":["GET"]}}],"collection":[{"href":"https:\/\/www.silene.ong\/es\/wp-json\/wp\/v2\/posts"}],"about":[{"href":"https:\/\/www.silene.ong\/es\/wp-json\/wp\/v2\/types\/post"}],"author":[{"embeddable":true,"href":"https:\/\/www.silene.ong\/es\/wp-json\/wp\/v2\/users\/21"}],"replies":[{"embeddable":true,"href":"https:\/\/www.silene.ong\/es\/wp-json\/wp\/v2\/comments?post=67733"}],"version-history":[{"count":6,"href":"https:\/\/www.silene.ong\/es\/wp-json\/wp\/v2\/posts\/67733\/revisions"}],"predecessor-version":[{"id":93992,"href":"https:\/\/www.silene.ong\/es\/wp-json\/wp\/v2\/posts\/67733\/revisions\/93992"}],"wp:featuredmedia":[{"embeddable":true,"href":"https:\/\/www.silene.ong\/es\/wp-json\/wp\/v2\/media\/77759"}],"wp:attachment":[{"href":"https:\/\/www.silene.ong\/es\/wp-json\/wp\/v2\/media?parent=67733"}],"wp:term":[{"taxonomy":"category","embeddable":true,"href":"https:\/\/www.silene.ong\/es\/wp-json\/wp\/v2\/categories?post=67733"},{"taxonomy":"post_tag","embeddable":true,"href":"https:\/\/www.silene.ong\/es\/wp-json\/wp\/v2\/tags?post=67733"}],"curies":[{"name":"wp","href":"https:\/\/api.w.org\/{rel}","templated":true}]}}