{"id":67741,"date":"2007-10-01T00:00:01","date_gmt":"2007-09-30T23:00:01","guid":{"rendered":"http:\/\/silene.idilicstudio.com\/?p=67741"},"modified":"2021-02-25T22:20:03","modified_gmt":"2021-02-25T21:20:03","slug":"conferencia-internacional-especies-espacios-sagrados-organizada-centre-of-landscape-and-people-universidad-cambridge-inglaterra-2007","status":"publish","type":"post","link":"https:\/\/www.silene.ong\/es\/noticias\/conferencia-internacional-especies-espacios-sagrados-organizada-centre-of-landscape-and-people-universidad-cambridge-inglaterra-2007","title":{"rendered":"Congreso internacional sobre especies y espacios sagrados en la Universidad de Cambridge"},"content":{"rendered":"<p>En nombre de la Asociaci\u00f3n Silene y de la Iniciativa Delos, Josep-Maria Mallarach particip\u00f3 en una <strong>conferencia internacional sobre especies y espacios sagrados<\/strong>, organizada por el Centre of Landscape and People de la Universidad de Cambridge, en Cambridge, Inglaterra, del 24 al 26 de septiembre 2007. All\u00ed present\u00f3 una ponencia, elaborada conjuntamente con Thymio Papayannis (ccordinaci\u00f3n conjunta de la Iniciativa Delos), titulada : <em><a href=\"http:\/\/www.med-ina.org\/delos\/290907_DELOS%20at%203C%20Conference.pdf\">The Delos Initiative 2004-2007. Task Force on Cultural and Spiritual Values of Protected Areas<\/a>.<\/em><\/p>\n<p>Dicho congreso di\u00f3 lugar a la publicaci\u00f3n del volumen &#8216;<a href=\"https:\/\/www.silene.ong\/es\/documentos-de-gestion\/sacred-species-and-sites-advances-in-biocultural-conservation\" target=\"_blank\" rel=\"noopener\"><em>Sacred Species and Sites. Advances in Biocultural Conservation<\/em><\/a>&#8216; coordinado por Gloria Pungetti, Gonzalo Oviedo &amp; Della Hooke, publicado por Cambridge University Press en 2012.<\/p>\n<!--themify_builder_content-->\n<div id=\"themify_builder_content-67741\" data-postid=\"67741\" class=\"themify_builder_content themify_builder_content-67741 themify_builder tf_clear\">\n    <\/div>\n<!--\/themify_builder_content-->\n","protected":false},"excerpt":{"rendered":"<p>En nombre de la Asociaci\u00f3n Silene y de la Iniciativa Delos, Josep-Maria Mallarach particip\u00f3 en una conferencia internacional&#8230;<\/p>\n","protected":false},"author":21,"featured_media":78274,"comment_status":"closed","ping_status":"closed","sticky":false,"template":"","format":"standard","meta":{"_acf_changed":false,"footnotes":""},"categories":[132],"tags":[254,314],"class_list":["post-67741","post","type-post","status-publish","format-standard","has-post-thumbnail","hentry","category-noticias","tag-conservacion","tag-lugares-sagrados","has-post-title","has-post-date","has-post-category","has-post-tag","has-post-comment","has-post-author",""],"acf":[],"_links":{"self":[{"href":"https:\/\/www.silene.ong\/es\/wp-json\/wp\/v2\/posts\/67741","targetHints":{"allow":["GET"]}}],"collection":[{"href":"https:\/\/www.silene.ong\/es\/wp-json\/wp\/v2\/posts"}],"about":[{"href":"https:\/\/www.silene.ong\/es\/wp-json\/wp\/v2\/types\/post"}],"author":[{"embeddable":true,"href":"https:\/\/www.silene.ong\/es\/wp-json\/wp\/v2\/users\/21"}],"replies":[{"embeddable":true,"href":"https:\/\/www.silene.ong\/es\/wp-json\/wp\/v2\/comments?post=67741"}],"version-history":[{"count":7,"href":"https:\/\/www.silene.ong\/es\/wp-json\/wp\/v2\/posts\/67741\/revisions"}],"predecessor-version":[{"id":94009,"href":"https:\/\/www.silene.ong\/es\/wp-json\/wp\/v2\/posts\/67741\/revisions\/94009"}],"wp:featuredmedia":[{"embeddable":true,"href":"https:\/\/www.silene.ong\/es\/wp-json\/wp\/v2\/media\/78274"}],"wp:attachment":[{"href":"https:\/\/www.silene.ong\/es\/wp-json\/wp\/v2\/media?parent=67741"}],"wp:term":[{"taxonomy":"category","embeddable":true,"href":"https:\/\/www.silene.ong\/es\/wp-json\/wp\/v2\/categories?post=67741"},{"taxonomy":"post_tag","embeddable":true,"href":"https:\/\/www.silene.ong\/es\/wp-json\/wp\/v2\/tags?post=67741"}],"curies":[{"name":"wp","href":"https:\/\/api.w.org\/{rel}","templated":true}]}}