{"id":67756,"date":"2008-05-01T00:00:01","date_gmt":"2008-04-30T23:00:01","guid":{"rendered":"http:\/\/silene.idilicstudio.com\/?p=67756"},"modified":"2021-02-21T15:49:27","modified_gmt":"2021-02-21T14:49:27","slug":"taller-internacional-grupo-trabajo-uicn-paisajes-protegidos-parque-nacional-north-york-moors-inglaterra-2008","status":"publish","type":"post","link":"https:\/\/www.silene.ong\/es\/noticias\/taller-internacional-grupo-trabajo-uicn-paisajes-protegidos-parque-nacional-north-york-moors-inglaterra-2008","title":{"rendered":"Valores culturales y espirituales en la categor\u00eda V de \u00e1reas protegidas de UICN"},"content":{"rendered":"<p>El grupo de trabajo de UICN sobre Paisajes protegidos organiz\u00f3 un taller internacional en el <a href=\"http:\/\/northyorkmoors.org.uk\" target=\"_blank\" rel=\"noopener\">Parque Nacional de North York Moors<\/a> (Inglaterra) del 27 de abril al 1 de mayo del 2008. Los participantes y miembros de la Task Force proced\u00edan de diversos pa\u00edses de Am\u00e9rica del Norte, de Am\u00e9rica del Sur y el Caribe, de Europa, de \u00c1frica y de Asia. Durante el taller se trataron temas de inter\u00e9s sobre gobernanza y equidad, con aportaciones del propio Grupo de Trabajo o del Tema sobre ind\u00edgenas y comunidades locales de UICN (TILCEPA). La ponencia presentada por Josep M. Mallarach se centr\u00f3 en el trabajo desarrollado por La Iniciativa Delos los \u00faltimos a\u00f1os, as\u00ed como la presentaci\u00f3n del segundo volumen de la UICN de la colecci\u00f3n \u201c<a href=\"https:\/\/portals.iucn.org\/library\/taxonomy\/term\/37697\" target=\"_blank\" rel=\"noopener\">Values of Protected Landscapes and Seascapes<\/a>\u201d dedicado a los valores culturales y espirituales de los paisajes protegidos. A lo largo de las diferentes sesiones del taller surgieron temas de debate sobre el papel de los valores espirituales en la conservaci\u00f3n de la naturaleza y el hecho que gran parte de estos valores no se tengan demasiado en cuenta en los espacios protegidos de Gran Breta\u00f1a. Del debate surgieron diversas recomendaciones para establecer un v\u00ednculo entre las personas y los valores m\u00e1s profundos de la naturaleza.<\/p>\n<!--themify_builder_content-->\n<div id=\"themify_builder_content-67756\" data-postid=\"67756\" class=\"themify_builder_content themify_builder_content-67756 themify_builder tf_clear\">\n    <\/div>\n<!--\/themify_builder_content-->\n","protected":false},"excerpt":{"rendered":"<p>El grupo de trabajo de UICN sobre Paisajes protegidos organiz\u00f3 un taller internacional en el Parque Nacional de&#8230;<\/p>\n","protected":false},"author":21,"featured_media":78581,"comment_status":"closed","ping_status":"closed","sticky":false,"template":"","format":"standard","meta":{"_acf_changed":false,"footnotes":""},"categories":[132],"tags":[284,296,300],"class_list":["post-67756","post","type-post","status-publish","format-standard","has-post-thumbnail","hentry","category-noticias","tag-paisaje","tag-valores-culturales","tag-valores-espirituales","has-post-title","has-post-date","has-post-category","has-post-tag","has-post-comment","has-post-author",""],"acf":[],"_links":{"self":[{"href":"https:\/\/www.silene.ong\/es\/wp-json\/wp\/v2\/posts\/67756","targetHints":{"allow":["GET"]}}],"collection":[{"href":"https:\/\/www.silene.ong\/es\/wp-json\/wp\/v2\/posts"}],"about":[{"href":"https:\/\/www.silene.ong\/es\/wp-json\/wp\/v2\/types\/post"}],"author":[{"embeddable":true,"href":"https:\/\/www.silene.ong\/es\/wp-json\/wp\/v2\/users\/21"}],"replies":[{"embeddable":true,"href":"https:\/\/www.silene.ong\/es\/wp-json\/wp\/v2\/comments?post=67756"}],"version-history":[{"count":6,"href":"https:\/\/www.silene.ong\/es\/wp-json\/wp\/v2\/posts\/67756\/revisions"}],"predecessor-version":[{"id":94110,"href":"https:\/\/www.silene.ong\/es\/wp-json\/wp\/v2\/posts\/67756\/revisions\/94110"}],"wp:featuredmedia":[{"embeddable":true,"href":"https:\/\/www.silene.ong\/es\/wp-json\/wp\/v2\/media\/78581"}],"wp:attachment":[{"href":"https:\/\/www.silene.ong\/es\/wp-json\/wp\/v2\/media?parent=67756"}],"wp:term":[{"taxonomy":"category","embeddable":true,"href":"https:\/\/www.silene.ong\/es\/wp-json\/wp\/v2\/categories?post=67756"},{"taxonomy":"post_tag","embeddable":true,"href":"https:\/\/www.silene.ong\/es\/wp-json\/wp\/v2\/tags?post=67756"}],"curies":[{"name":"wp","href":"https:\/\/api.w.org\/{rel}","templated":true}]}}