{"id":67766,"date":"2007-12-01T00:00:01","date_gmt":"2007-11-30T22:00:01","guid":{"rendered":"http:\/\/silene.idilicstudio.com\/?p=67766"},"modified":"2021-02-19T18:41:38","modified_gmt":"2021-02-19T17:41:38","slug":"presentacion-asociacion-silene-14-congreso-europarc-espana-2008","status":"publish","type":"post","link":"https:\/\/www.silene.ong\/es\/noticias\/presentacion-asociacion-silene-14-congreso-europarc-espana-2008","title":{"rendered":"Presentaci\u00f3n de la Asociaci\u00f3n Silene en el 14\u00ba Congreso de Europarc-Espa\u00f1a"},"content":{"rendered":"<p>El pasado d\u00eda 20 de junio, en el marco del congreso anual de la Secci\u00f3n del Estado espa\u00f1ol de la Federaci\u00f3n Europarc (Esparc 2008), la Asociaci\u00f3n Silene realiz\u00f3 una presentaci\u00f3n para realzar la importancia creciente que la incorporaci\u00f3n de los valores inmateriales de la naturaleza tiene en la definici\u00f3n de estrategias para los espacios naturales protegidos. Como referente, expuso las caracter\u00edsticas del proyecto m\u00e1s emblem\u00e1tico en este \u00e1mbito, la <a href=\"http:\/\/www.med-ina.org\/delos\/\" target=\"_blank\" rel=\"noopener\">Iniciativa Delos<\/a> (CMAP-UICN), y los principales resultados conseguidos des de 2004 hasta hoy.<\/p>\n<p>En la misma sesi\u00f3n, se present\u00f3 tambi\u00e9n el convenio de colaboraci\u00f3n firmado entre la Fundaci\u00f3n Fernando Gonz\u00e1lez Bern\u00e1ldez, Europarc-Espa\u00f1a, y la Asociaci\u00f3n Silene que debe permitir a Europarc-Espa\u00f1a disponer de un apoyo t\u00e9cnico en el desarrollo de las recomendaciones adoptadas en el congreso de 2005 referente a \u201c<a href=\"http:\/\/www.redeuroparc.org\/actas_esparc.jsp\" target=\"_blank\" rel=\"noopener\">Valores no materiales ligados a los espacios naturales protegidos<\/a>\u201d y a Silene, disponer del reconocimiento y apoyo de Europarc-Espa\u00f1a para desarrollar sus proyectos en el \u00e1mbito espa\u00f1ol.<\/p>\n<!--themify_builder_content-->\n<div id=\"themify_builder_content-67766\" data-postid=\"67766\" class=\"themify_builder_content themify_builder_content-67766 themify_builder tf_clear\">\n    <\/div>\n<!--\/themify_builder_content-->\n","protected":false},"excerpt":{"rendered":"<p>El pasado d\u00eda 20 de junio, en el marco del congreso anual de la Secci\u00f3n del Estado espa\u00f1ol&#8230;<\/p>\n","protected":false},"author":21,"featured_media":78641,"comment_status":"closed","ping_status":"closed","sticky":false,"template":"","format":"standard","meta":{"_acf_changed":false,"footnotes":""},"categories":[132],"tags":[254,269],"class_list":["post-67766","post","type-post","status-publish","format-standard","has-post-thumbnail","hentry","category-noticias","tag-conservacion","tag-educacion-ambiental","has-post-title","has-post-date","has-post-category","has-post-tag","has-post-comment","has-post-author",""],"acf":[],"_links":{"self":[{"href":"https:\/\/www.silene.ong\/es\/wp-json\/wp\/v2\/posts\/67766","targetHints":{"allow":["GET"]}}],"collection":[{"href":"https:\/\/www.silene.ong\/es\/wp-json\/wp\/v2\/posts"}],"about":[{"href":"https:\/\/www.silene.ong\/es\/wp-json\/wp\/v2\/types\/post"}],"author":[{"embeddable":true,"href":"https:\/\/www.silene.ong\/es\/wp-json\/wp\/v2\/users\/21"}],"replies":[{"embeddable":true,"href":"https:\/\/www.silene.ong\/es\/wp-json\/wp\/v2\/comments?post=67766"}],"version-history":[{"count":6,"href":"https:\/\/www.silene.ong\/es\/wp-json\/wp\/v2\/posts\/67766\/revisions"}],"predecessor-version":[{"id":90126,"href":"https:\/\/www.silene.ong\/es\/wp-json\/wp\/v2\/posts\/67766\/revisions\/90126"}],"wp:featuredmedia":[{"embeddable":true,"href":"https:\/\/www.silene.ong\/es\/wp-json\/wp\/v2\/media\/78641"}],"wp:attachment":[{"href":"https:\/\/www.silene.ong\/es\/wp-json\/wp\/v2\/media?parent=67766"}],"wp:term":[{"taxonomy":"category","embeddable":true,"href":"https:\/\/www.silene.ong\/es\/wp-json\/wp\/v2\/categories?post=67766"},{"taxonomy":"post_tag","embeddable":true,"href":"https:\/\/www.silene.ong\/es\/wp-json\/wp\/v2\/tags?post=67766"}],"curies":[{"name":"wp","href":"https:\/\/api.w.org\/{rel}","templated":true}]}}