{"id":67776,"date":"2008-10-28T00:00:01","date_gmt":"2008-10-27T22:00:01","guid":{"rendered":"http:\/\/silene.idilicstudio.com\/?p=67776"},"modified":"2021-02-20T09:50:26","modified_gmt":"2021-02-20T08:50:26","slug":"presentacion-resultados-una-investigacion-diversos-conceptos-naturaleza-congreso-mundial-naturaleza-uicn-barcelona-2008","status":"publish","type":"post","link":"https:\/\/www.silene.ong\/es\/noticias\/presentacion-resultados-una-investigacion-diversos-conceptos-naturaleza-congreso-mundial-naturaleza-uicn-barcelona-2008","title":{"rendered":"Primera resoluci\u00f3n de UICN instando a reconocer la diversidad de conceptos y valores de la naturaleza"},"content":{"rendered":"<p>El trabajo que la Asociaci\u00f3n Silene promovi\u00f3 sobre los diversos conceptos de naturaleza en una muestra representativa de las lenguas del mundo impuls\u00f3 una propuesta de moci\u00f3n sobre este tema, presentada en el <a href=\"https:\/\/2008congress.iucn.org\/\" target=\"_blank\" rel=\"noopener\">Congreso Mundial de la Naturaleza de la UICN<\/a> realizado en Barcelona.<\/p>\n<p>La moci\u00f3n 121, titulada \u201cReconocimiento de la diversidad de conceptos y valores de la naturaleza\u201d, fue presentada por la Task Force de Valores Culturales y Espirituales de las \u00c1reas Protegidas, de la Comisi\u00f3n Mundial de \u00c1reas Protegidas, con el patrocinio de DEPANA, Fundaci\u00f3n Caixa Catalunya y SAVIA. La moci\u00f3n super\u00f3 diversos debates, en los que tubo el apoyo del Grupo de especialistas en \u00e9tica de la Comisi\u00f3n de Derecho Ambiental de la UICN, The Wild Foundation i Parks Canada, entre otros. Fue debatida y aprobada con casi el 90% de votos a favor en la \u00faltima sesi\u00f3n del congreso, el 14 de octubre del 2008.<\/p>\n<hr \/>\n<p><strong>Mociones Individuales &#8211; UICN:\u00a0<\/strong><a href=\"http:\/\/www.iucn.org\/es\/congreso_esp\/asamblea_miembros\/mociones\/index.cfm\" target=\"_blank\" rel=\"noopener\">http:\/\/www.iucn.org\/es\/congreso_esp\/asamblea_miembros\/mociones\/index.cfm<\/a><\/p>\n<hr \/>\n<!--themify_builder_content-->\n<div id=\"themify_builder_content-67776\" data-postid=\"67776\" class=\"themify_builder_content themify_builder_content-67776 themify_builder tf_clear\">\n    <\/div>\n<!--\/themify_builder_content-->\n","protected":false},"excerpt":{"rendered":"<p>El trabajo que la Asociaci\u00f3n Silene promovi\u00f3 sobre los diversos conceptos de naturaleza en una muestra representativa de&#8230;<\/p>\n","protected":false},"author":21,"featured_media":76688,"comment_status":"closed","ping_status":"closed","sticky":false,"template":"","format":"standard","meta":{"_acf_changed":false,"footnotes":""},"categories":[132],"tags":[254,257,287],"class_list":["post-67776","post","type-post","status-publish","format-standard","has-post-thumbnail","hentry","category-noticias","tag-conservacion","tag-cosmovision","tag-patrimonio","has-post-title","has-post-date","has-post-category","has-post-tag","has-post-comment","has-post-author",""],"acf":[],"_links":{"self":[{"href":"https:\/\/www.silene.ong\/es\/wp-json\/wp\/v2\/posts\/67776","targetHints":{"allow":["GET"]}}],"collection":[{"href":"https:\/\/www.silene.ong\/es\/wp-json\/wp\/v2\/posts"}],"about":[{"href":"https:\/\/www.silene.ong\/es\/wp-json\/wp\/v2\/types\/post"}],"author":[{"embeddable":true,"href":"https:\/\/www.silene.ong\/es\/wp-json\/wp\/v2\/users\/21"}],"replies":[{"embeddable":true,"href":"https:\/\/www.silene.ong\/es\/wp-json\/wp\/v2\/comments?post=67776"}],"version-history":[{"count":4,"href":"https:\/\/www.silene.ong\/es\/wp-json\/wp\/v2\/posts\/67776\/revisions"}],"predecessor-version":[{"id":94100,"href":"https:\/\/www.silene.ong\/es\/wp-json\/wp\/v2\/posts\/67776\/revisions\/94100"}],"wp:featuredmedia":[{"embeddable":true,"href":"https:\/\/www.silene.ong\/es\/wp-json\/wp\/v2\/media\/76688"}],"wp:attachment":[{"href":"https:\/\/www.silene.ong\/es\/wp-json\/wp\/v2\/media?parent=67776"}],"wp:term":[{"taxonomy":"category","embeddable":true,"href":"https:\/\/www.silene.ong\/es\/wp-json\/wp\/v2\/categories?post=67776"},{"taxonomy":"post_tag","embeddable":true,"href":"https:\/\/www.silene.ong\/es\/wp-json\/wp\/v2\/tags?post=67776"}],"curies":[{"name":"wp","href":"https:\/\/api.w.org\/{rel}","templated":true}]}}