{"id":67900,"date":"2012-01-26T00:00:01","date_gmt":"2012-01-25T22:00:01","guid":{"rendered":"http:\/\/silene.idilicstudio.com\/?p=67900"},"modified":"2021-02-21T11:51:37","modified_gmt":"2021-02-21T10:51:37","slug":"jornada-trabajo-patrimonio-inmaterial-arbucies-cataluna-14-febrero-2012","status":"publish","type":"post","link":"https:\/\/www.silene.ong\/es\/noticias\/jornada-trabajo-patrimonio-inmaterial-arbucies-cataluna-14-febrero-2012","title":{"rendered":"Jornada de trabajo sobre inventarios y aplicaciones del patrimonio inmaterial de Catalu\u00f1a"},"content":{"rendered":"<p>La Red de Museos de Etnolog\u00eda de Catalu\u00f1a organiza una jornada de trabajo sobre el <em>Patrimonio inmaterial. Experiencias en metodolog\u00eda de inventarios, investigaci\u00f3n y aplicaciones<\/em>. La jornada tendr\u00e1 lugar el d\u00eda 14 de febrero en el Museo Etnol\u00f3gico del Montseny &#8211; La Gabella en la localidad de Arb\u00facies (Catalu\u00f1a).<\/p>\n<p>En la jornada participar\u00e1n 14 expertos de diferentes entidades y organismos, la mayor\u00eda procedentes o vinculados a \u00e1reas protegidas. Josep-Maria Mallarach, presidente de la Asociaci\u00f3n Silene, efectuar\u00e1 una presentaci\u00f3n titulada <em>Manual para integrar el patrimonio inmaterial en los espacios naturales protegidos de Espa\u00f1a. Prop\u00f3sito, estructura y proceso.<\/em><\/p>\n<!--themify_builder_content-->\n<div id=\"themify_builder_content-67900\" data-postid=\"67900\" class=\"themify_builder_content themify_builder_content-67900 themify_builder tf_clear\">\n    <\/div>\n<!--\/themify_builder_content-->\n","protected":false},"excerpt":{"rendered":"<p>La Red de Museos de Etnolog\u00eda de Catalu\u00f1a organiza una jornada de trabajo sobre el Patrimonio inmaterial. Experiencias&#8230;<\/p>\n","protected":false},"author":21,"featured_media":78175,"comment_status":"closed","ping_status":"closed","sticky":false,"template":"","format":"standard","meta":{"_acf_changed":false,"footnotes":""},"categories":[132],"tags":[332,254,287],"class_list":["post-67900","post","type-post","status-publish","format-standard","has-post-thumbnail","hentry","category-noticias","tag-conocimientos-tradicionales","tag-conservacion","tag-patrimonio","has-post-title","has-post-date","has-post-category","has-post-tag","has-post-comment","has-post-author",""],"acf":[],"_links":{"self":[{"href":"https:\/\/www.silene.ong\/es\/wp-json\/wp\/v2\/posts\/67900","targetHints":{"allow":["GET"]}}],"collection":[{"href":"https:\/\/www.silene.ong\/es\/wp-json\/wp\/v2\/posts"}],"about":[{"href":"https:\/\/www.silene.ong\/es\/wp-json\/wp\/v2\/types\/post"}],"author":[{"embeddable":true,"href":"https:\/\/www.silene.ong\/es\/wp-json\/wp\/v2\/users\/21"}],"replies":[{"embeddable":true,"href":"https:\/\/www.silene.ong\/es\/wp-json\/wp\/v2\/comments?post=67900"}],"version-history":[{"count":3,"href":"https:\/\/www.silene.ong\/es\/wp-json\/wp\/v2\/posts\/67900\/revisions"}],"predecessor-version":[{"id":89295,"href":"https:\/\/www.silene.ong\/es\/wp-json\/wp\/v2\/posts\/67900\/revisions\/89295"}],"wp:featuredmedia":[{"embeddable":true,"href":"https:\/\/www.silene.ong\/es\/wp-json\/wp\/v2\/media\/78175"}],"wp:attachment":[{"href":"https:\/\/www.silene.ong\/es\/wp-json\/wp\/v2\/media?parent=67900"}],"wp:term":[{"taxonomy":"category","embeddable":true,"href":"https:\/\/www.silene.ong\/es\/wp-json\/wp\/v2\/categories?post=67900"},{"taxonomy":"post_tag","embeddable":true,"href":"https:\/\/www.silene.ong\/es\/wp-json\/wp\/v2\/tags?post=67900"}],"curies":[{"name":"wp","href":"https:\/\/api.w.org\/{rel}","templated":true}]}}