{"id":67926,"date":"2012-06-20T00:00:01","date_gmt":"2012-06-19T22:00:01","guid":{"rendered":"http:\/\/silene.idilicstudio.com\/?p=67926"},"modified":"2021-02-20T09:27:57","modified_gmt":"2021-02-20T08:27:57","slug":"1-encuentro-arte-naturaleza-espiritualidad-farrera-cataluna-espana-13-al-15-julio-2012","status":"publish","type":"post","link":"https:\/\/www.silene.ong\/es\/noticias\/1-encuentro-arte-naturaleza-espiritualidad-farrera-cataluna-espana-13-al-15-julio-2012","title":{"rendered":"1\u00ba Encuentro sobre Arte, Naturaleza y espiritualidad de Farrera"},"content":{"rendered":"<p>Josep Ma\u00f1\u00e0 (dise\u00f1ador y profesor de la Escuela Massana de Barcelona), el Centro de Arte y Naturaleza de Farrera y la Caseta de la Coma de Burg organizan el Primer Encuentro ARTE, NATURALEZA Y ESPIRITUALIDAD, entre el 13 al 15 de julio en el <a href=\"http:\/\/www.farreracan.cat\/cast\/\" target=\"_blank\" rel=\"noopener\">Centre d\u2019Art i Natura de Farrera<\/a>, un pueblo pirenaico.<\/p>\n<p>En dicho encuentro, la Asociaci\u00f3n Silene participar\u00e1 presentando las acciones realizadas en\u00a0 los campos de estudio, divulgaci\u00f3n y promoci\u00f3n del patrimonio cultural y espiritual de la naturaleza.<\/p>\n<p>&gt;&gt; M\u00e1s informaci\u00f3n sobre el <a href=\"http:\/\/arbresjosepgordi.blogspot.com.es\/2012\/07\/art-natura-i-espiritualitat.html\" target=\"_blank\" rel=\"noopener\">encuentro<\/a><\/p>\n<!--themify_builder_content-->\n<div id=\"themify_builder_content-67926\" data-postid=\"67926\" class=\"themify_builder_content themify_builder_content-67926 themify_builder tf_clear\">\n    <\/div>\n<!--\/themify_builder_content-->\n","protected":false},"excerpt":{"rendered":"<p>Josep Ma\u00f1\u00e0 (dise\u00f1ador y profesor de la Escuela Massana de Barcelona), el Centro de Arte y Naturaleza de&#8230;<\/p>\n","protected":false},"author":21,"featured_media":78148,"comment_status":"closed","ping_status":"closed","sticky":false,"template":"","format":"standard","meta":{"_acf_changed":false,"footnotes":""},"categories":[132],"tags":[269,296],"class_list":["post-67926","post","type-post","status-publish","format-standard","has-post-thumbnail","hentry","category-noticias","tag-educacion-ambiental","tag-valores-culturales","has-post-title","has-post-date","has-post-category","has-post-tag","has-post-comment","has-post-author",""],"acf":[],"_links":{"self":[{"href":"https:\/\/www.silene.ong\/es\/wp-json\/wp\/v2\/posts\/67926","targetHints":{"allow":["GET"]}}],"collection":[{"href":"https:\/\/www.silene.ong\/es\/wp-json\/wp\/v2\/posts"}],"about":[{"href":"https:\/\/www.silene.ong\/es\/wp-json\/wp\/v2\/types\/post"}],"author":[{"embeddable":true,"href":"https:\/\/www.silene.ong\/es\/wp-json\/wp\/v2\/users\/21"}],"replies":[{"embeddable":true,"href":"https:\/\/www.silene.ong\/es\/wp-json\/wp\/v2\/comments?post=67926"}],"version-history":[{"count":3,"href":"https:\/\/www.silene.ong\/es\/wp-json\/wp\/v2\/posts\/67926\/revisions"}],"predecessor-version":[{"id":80568,"href":"https:\/\/www.silene.ong\/es\/wp-json\/wp\/v2\/posts\/67926\/revisions\/80568"}],"wp:featuredmedia":[{"embeddable":true,"href":"https:\/\/www.silene.ong\/es\/wp-json\/wp\/v2\/media\/78148"}],"wp:attachment":[{"href":"https:\/\/www.silene.ong\/es\/wp-json\/wp\/v2\/media?parent=67926"}],"wp:term":[{"taxonomy":"category","embeddable":true,"href":"https:\/\/www.silene.ong\/es\/wp-json\/wp\/v2\/categories?post=67926"},{"taxonomy":"post_tag","embeddable":true,"href":"https:\/\/www.silene.ong\/es\/wp-json\/wp\/v2\/tags?post=67926"}],"curies":[{"name":"wp","href":"https:\/\/api.w.org\/{rel}","templated":true}]}}