{"id":67980,"date":"2013-04-01T00:00:01","date_gmt":"2013-03-31T23:00:01","guid":{"rendered":"http:\/\/silene.idilicstudio.com\/?p=67980"},"modified":"2021-02-18T23:47:12","modified_gmt":"2021-02-18T22:47:12","slug":"peregrinacion-verde-primer-simposio-internacional-21-al-26-abril-2013-jerusalen","status":"publish","type":"post","link":"https:\/\/www.silene.ong\/es\/noticias\/peregrinacion-verde-primer-simposio-internacional-21-al-26-abril-2013-jerusalen","title":{"rendered":"Primer Simposio Internacional sobre peregrinaciones ecol\u00f3gicas"},"content":{"rendered":"<p>El enfoque interdisciplinario aprobado por la Red de Peregrinaci\u00f3n Ecol\u00f3gica, una iniciativa respaldada por la Alianza de Religiones y Conservaci\u00f3n (ARC) en el a\u00f1o 2011, nos permitir\u00e1 aprender las mejores pr\u00e1cticas de las ciudades y lugares hist\u00f3ricos de peregrinaci\u00f3n de todo el mundo, donde la necesidad para el desarrollo urbano sostenible y la accesibilidad son reconocidos como partes integrantes de la peregrinaci\u00f3n.<\/p>\n<p>La Red de Peregrinaci\u00f3n Ecol\u00f3gica ofrece un punto de encuentro para ambas ciudades y religiones, mientras que el caso de Jerusal\u00e9n es \u00fanico, puesto que durante siglos, \u00a0jud\u00edos, cristianos y musulmanes de todo el mundo han peregrinado hacia Jerusal\u00e9n. Es esta triple identidad la que crea un reto especial, por un lado, y una notable oportunidad por el otro. El impacto de la Red de Peregrinaci\u00f3n Ecol\u00f3gica debe ir m\u00e1s all\u00e1 de las ciudades y los sitios miembros, apelando a los mismos l\u00edderes religiosos y los peregrinos para que integren las normas \u00e9ticas ecol\u00f3gicas \u00a0en su experiencia espiritual, y posteriormente en su vida cotidiana.<\/p>\n<p>Para m\u00e1s informaci\u00f3n vean: \u00a0<a href=\"http:\/\/greenpilgrimjerusalem.org\/symposium2013\/\" target=\"_blank\" rel=\"noopener\">The First International Jerusalem Symposium on Green &amp; Accessible Pilgrimage<\/a><\/p>\n<!--themify_builder_content-->\n<div id=\"themify_builder_content-67980\" data-postid=\"67980\" class=\"themify_builder_content themify_builder_content-67980 themify_builder tf_clear\">\n    <\/div>\n<!--\/themify_builder_content-->\n","protected":false},"excerpt":{"rendered":"<p>El enfoque interdisciplinario aprobado por la Red de Peregrinaci\u00f3n Ecol\u00f3gica, una iniciativa respaldada por la Alianza de Religiones&#8230;<\/p>\n","protected":false},"author":21,"featured_media":73066,"comment_status":"closed","ping_status":"closed","sticky":false,"template":"","format":"standard","meta":{"_acf_changed":false,"footnotes":""},"categories":[132],"tags":[254,275,290],"class_list":["post-67980","post","type-post","status-publish","format-standard","has-post-thumbnail","hentry","category-noticias","tag-conservacion","tag-etica-es","tag-peregrinacion","has-post-title","has-post-date","has-post-category","has-post-tag","has-post-comment","has-post-author",""],"acf":[],"_links":{"self":[{"href":"https:\/\/www.silene.ong\/es\/wp-json\/wp\/v2\/posts\/67980","targetHints":{"allow":["GET"]}}],"collection":[{"href":"https:\/\/www.silene.ong\/es\/wp-json\/wp\/v2\/posts"}],"about":[{"href":"https:\/\/www.silene.ong\/es\/wp-json\/wp\/v2\/types\/post"}],"author":[{"embeddable":true,"href":"https:\/\/www.silene.ong\/es\/wp-json\/wp\/v2\/users\/21"}],"replies":[{"embeddable":true,"href":"https:\/\/www.silene.ong\/es\/wp-json\/wp\/v2\/comments?post=67980"}],"version-history":[{"count":3,"href":"https:\/\/www.silene.ong\/es\/wp-json\/wp\/v2\/posts\/67980\/revisions"}],"predecessor-version":[{"id":90075,"href":"https:\/\/www.silene.ong\/es\/wp-json\/wp\/v2\/posts\/67980\/revisions\/90075"}],"wp:featuredmedia":[{"embeddable":true,"href":"https:\/\/www.silene.ong\/es\/wp-json\/wp\/v2\/media\/73066"}],"wp:attachment":[{"href":"https:\/\/www.silene.ong\/es\/wp-json\/wp\/v2\/media?parent=67980"}],"wp:term":[{"taxonomy":"category","embeddable":true,"href":"https:\/\/www.silene.ong\/es\/wp-json\/wp\/v2\/categories?post=67980"},{"taxonomy":"post_tag","embeddable":true,"href":"https:\/\/www.silene.ong\/es\/wp-json\/wp\/v2\/tags?post=67980"}],"curies":[{"name":"wp","href":"https:\/\/api.w.org\/{rel}","templated":true}]}}