{"id":68052,"date":"2013-10-29T00:00:01","date_gmt":"2013-10-28T22:00:01","guid":{"rendered":"http:\/\/silene.idilicstudio.com\/?p=68052"},"modified":"-0001-11-30T00:00:00","modified_gmt":"-0001-11-29T22:00:00","slug":"i-foro-espiritualidad-cueva-pare-palau-la-sacralidad-naturaleza-aitona-lleida-11-al-13-octubre-2013","status":"publish","type":"post","link":"https:\/\/www.silene.ong\/es\/noticias\/i-foro-espiritualidad-cueva-pare-palau-la-sacralidad-naturaleza-aitona-lleida-11-al-13-octubre-2013","title":{"rendered":"I Foro de Espiritualidad en la Cueva del Pare Palau: \u201cLa Sacralidad de la naturaleza\u201d- Aitona (Lleida), del 11 al 13 de octubre de 2013"},"content":{"rendered":"<p>Del 11 al 13 de octubre del 2013 se celebr\u00f3 el 1er Foro de Espiritualidad en la Cueva del Pare Palau, cerca de Aitona (Lleida) en torno del tema \u201c<i>La Sacralidad de la naturaleza<\/i>\u201d.&nbsp;&nbsp;La Cueva del Pare Palau es una gruta murada, resguardada en una vaguada tributaria del r\u00edo Segre, emplazada en un paisaje estepario, donde empez\u00f3 su vida erem\u00edtica el m\u00edstico Francisco Palau (1811-1872), fundador de la congregaci\u00f3n de los Carmelitas Descalzos Terciarios. La congregaci\u00f3n de las Carmelitas Misioneras Teresianas custodia y cuida este lugar santo.&nbsp;El <a target=\"_blank\" href=\"http:\/\/foroscuevapadrepalau.blogspot.com.es\/p\/programa.html\" target=\"_blank\">programa <\/a>del Foro constaba de las ponencias siguientes: \u201c<i>La Naturaleza como teofan\u00eda y la importancia de los lugares naturales sagrados<\/i>\u201d, Josep M. Mallarach; \u00ab<i>La naturaleza como manifestaci\u00f3n de lo sagrado en las diversas tradiciones religiosas<\/i>\u201d, Javier Melloni; \u201c<i>La Cueva, espacio de gestaci\u00f3n Cr\u00edstica<\/i>\u201d, Mireya Hern\u00e1ndez \u00c1vila; \u201c<i>La naturaleza, espejo donde Dios se mira<\/i>\u201d, Fernanda Villanueva; \u201c<i>Testimonio de una ermita\u00f1a que escucha y aprende de la naturaleza<\/i>\u201d, Mar\u00eda Montserrat Domingo.&nbsp;El s\u00e1bado se realiz\u00f3 un paseo contemplativo en torno a la Cueva, guiada por Carme Mora Corderroure. El domingo por la ma\u00f1ana, despu\u00e9s de la eucarist\u00eda, presidida por el jesuita Javier Melloni, tuvo lugar la mesa redonda, con todos los ponentes, con la activa intervenci\u00f3n de numerosos participantes.&nbsp;El Foro ofreci\u00f3 dos actuaciones musicales, a cargo del grupo Sons de Pau, de la arpista Berta Puigdemassa, y un acto final de m\u00fasica y danza con la bailarina Pili Buxeda acompa\u00f1ada por Sons de Pau.&nbsp;En la <a target=\"_blank\" href=\"http:\/\/foroscuevapadrepalau.blogspot.com.es\/\" target=\"_blank\">web del Foro<\/a> se pueden descargar los v\u00eddeos de las ponencias.<\/p>\n","protected":false},"excerpt":{"rendered":"<p>Del 11 al 13 de octubre del 2013 se celebr\u00f3 el 1er Foro de Espiritualidad en la Cueva&#8230;<\/p>\n","protected":false},"author":21,"featured_media":73162,"comment_status":"closed","ping_status":"closed","sticky":false,"template":"","format":"standard","meta":{"_acf_changed":false,"footnotes":""},"categories":[132],"tags":[257,300],"class_list":["post-68052","post","type-post","status-publish","format-standard","has-post-thumbnail","hentry","category-noticias","tag-cosmovision","tag-valores-espirituales","has-post-title","has-post-date","has-post-category","has-post-tag","has-post-comment","has-post-author",""],"acf":[],"_links":{"self":[{"href":"https:\/\/www.silene.ong\/es\/wp-json\/wp\/v2\/posts\/68052","targetHints":{"allow":["GET"]}}],"collection":[{"href":"https:\/\/www.silene.ong\/es\/wp-json\/wp\/v2\/posts"}],"about":[{"href":"https:\/\/www.silene.ong\/es\/wp-json\/wp\/v2\/types\/post"}],"author":[{"embeddable":true,"href":"https:\/\/www.silene.ong\/es\/wp-json\/wp\/v2\/users\/21"}],"replies":[{"embeddable":true,"href":"https:\/\/www.silene.ong\/es\/wp-json\/wp\/v2\/comments?post=68052"}],"version-history":[{"count":0,"href":"https:\/\/www.silene.ong\/es\/wp-json\/wp\/v2\/posts\/68052\/revisions"}],"wp:featuredmedia":[{"embeddable":true,"href":"https:\/\/www.silene.ong\/es\/wp-json\/wp\/v2\/media\/73162"}],"wp:attachment":[{"href":"https:\/\/www.silene.ong\/es\/wp-json\/wp\/v2\/media?parent=68052"}],"wp:term":[{"taxonomy":"category","embeddable":true,"href":"https:\/\/www.silene.ong\/es\/wp-json\/wp\/v2\/categories?post=68052"},{"taxonomy":"post_tag","embeddable":true,"href":"https:\/\/www.silene.ong\/es\/wp-json\/wp\/v2\/tags?post=68052"}],"curies":[{"name":"wp","href":"https:\/\/api.w.org\/{rel}","templated":true}]}}