{"id":68090,"date":"2013-12-20T00:00:01","date_gmt":"2013-12-19T22:00:01","guid":{"rendered":"http:\/\/silene.idilicstudio.com\/?p=68090"},"modified":"2021-03-05T21:23:49","modified_gmt":"2021-03-05T20:23:49","slug":"primer-congreso-global-viajes-sagrados-mas-alla-peregrinaciones-9-al-11-julio-2014-mansfield-college-oxford-reino-unido","status":"publish","type":"post","link":"https:\/\/www.silene.ong\/es\/noticias\/primer-congreso-global-viajes-sagrados-mas-alla-peregrinaciones-9-al-11-julio-2014-mansfield-college-oxford-reino-unido","title":{"rendered":"Congreso global sobre viajes sagrados: m\u00e1s all\u00e1 de las peregrinaciones"},"content":{"rendered":"<p>El congreso organizado en el Mansfield College de Oxford (Inglaterra), pretende explorar todos los aspectos de la pr\u00e1ctica, examinando las similitudes y diferencias en los viajes sagrados y de peregrinaci\u00f3n en el islam, el hinduismo, el budismo, el cristianismo y otras religiones y tradiciones espirituales de la humanidad se tendr\u00e1n en cuenta, incluso tienen cabida lugares seculares como Graceland. Tambi\u00e9n interesa el concepto de la peregrinaci\u00f3n interior y el viaje de auto-descubrimiento, los aspectos vivenciales, pr\u00e1cticos, hist\u00f3ricos y psicol\u00f3gicos del viaje sagrado son centrales para la exploraci\u00f3n del congreso, y se anima a todos aquellos que quieran participar a considerar su tema en este marco m\u00e1s amplio.<\/p>\n<p>Se abre, pues, la convocatoria de propuestas, presentaciones, trabajos&#8230; sobre estos y otros aspectos de los viajes sagrados y de peregrinaci\u00f3n, tales como el viaje f\u00edsico a trav\u00e9s del tiempo y el espacio, como un rito de paso y de transformaci\u00f3n personal, la b\u00fasqueda de bendiciones, trascendencia o curaci\u00f3n, el cumplimiento de deberes o la acci\u00f3n de dar gracias, los textos, las reliquias, los talismanes y rituales; las geograf\u00edas sagradas, el peregrinaje versus el turismo sagrado; la econom\u00eda de la peregrinaci\u00f3n, peregrinaci\u00f3n y g\u00e9nero, peregrinaci\u00f3n y el Internet, peregrinaciones y nacionalismo \/ globalizaci\u00f3n; peregrinaciones y protestas; lugares seculares y \u00ablugares que hay que ver antes de morir\u00bb; viajes de la adoraci\u00f3n y de recuerdo &#8230;.<\/p>\n<p>La comisi\u00f3n directiva del congreso acoge con especial satisfacci\u00f3n la presentaci\u00f3n de propuestas de paneles formados previamente. Para apoyar y alentar el compromiso interdisciplinario, se quiere crear la posibilidad de iniciar di\u00e1logos entre las actividades paralelas que se ejecuten durante el congreso. Se invita a los delegados que asistan a dos sesiones en cada una de las conferencias simult\u00e1neas. Tambi\u00e9n se propone generar sesiones cruzadas entre estos grupos, y se da la bienvenida a propuestas referidas a la relaci\u00f3n entre los viajes sagrados, el perd\u00f3n y la venganza.<\/p>\n<p><b>A enviar:<\/b> Propuestas de textos de 300 palabras como m\u00e1ximo, antes del 14 de febrero de 2014. Si la propuesta es aceptada, se deber\u00e1 enviar un proyecto de documento de no m\u00e1s de 3.000 palabras, antes del 16 de mayo 2014. Las propuestas deben presentarse simult\u00e1neamente a los dos presidentes del congreso: Ian McIntosh y Eileen Moore Quinn: imcintos@iupui.edu; Rob Fisher: sj1@inter-disciplinary.net.<\/p>\n<p><b>Si desea m\u00e1s informaci\u00f3n sobre el congreso<\/b>, visite: <a href=\"http:\/\/www.inter-disciplinary.net\/probing-the-boundaries\/persons\/sacred-journeys\/call-for-presentations\/\" target=\"_blank\" rel=\"noopener\">INTER-DISCIPLINARY.NET<\/a><\/p>\n<!--themify_builder_content-->\n<div id=\"themify_builder_content-68090\" data-postid=\"68090\" class=\"themify_builder_content themify_builder_content-68090 themify_builder tf_clear\">\n    <\/div>\n<!--\/themify_builder_content-->\n","protected":false},"excerpt":{"rendered":"<p>El congreso organizado en el Mansfield College de Oxford (Inglaterra), pretende explorar todos los aspectos de la pr\u00e1ctica,&#8230;<\/p>\n","protected":false},"author":21,"featured_media":77674,"comment_status":"closed","ping_status":"closed","sticky":false,"template":"","format":"standard","meta":{"_acf_changed":false,"footnotes":""},"categories":[132],"tags":[254],"class_list":["post-68090","post","type-post","status-publish","format-standard","has-post-thumbnail","hentry","category-noticias","tag-conservacion","has-post-title","has-post-date","has-post-category","has-post-tag","has-post-comment","has-post-author",""],"acf":[],"_links":{"self":[{"href":"https:\/\/www.silene.ong\/es\/wp-json\/wp\/v2\/posts\/68090","targetHints":{"allow":["GET"]}}],"collection":[{"href":"https:\/\/www.silene.ong\/es\/wp-json\/wp\/v2\/posts"}],"about":[{"href":"https:\/\/www.silene.ong\/es\/wp-json\/wp\/v2\/types\/post"}],"author":[{"embeddable":true,"href":"https:\/\/www.silene.ong\/es\/wp-json\/wp\/v2\/users\/21"}],"replies":[{"embeddable":true,"href":"https:\/\/www.silene.ong\/es\/wp-json\/wp\/v2\/comments?post=68090"}],"version-history":[{"count":5,"href":"https:\/\/www.silene.ong\/es\/wp-json\/wp\/v2\/posts\/68090\/revisions"}],"predecessor-version":[{"id":92888,"href":"https:\/\/www.silene.ong\/es\/wp-json\/wp\/v2\/posts\/68090\/revisions\/92888"}],"wp:featuredmedia":[{"embeddable":true,"href":"https:\/\/www.silene.ong\/es\/wp-json\/wp\/v2\/media\/77674"}],"wp:attachment":[{"href":"https:\/\/www.silene.ong\/es\/wp-json\/wp\/v2\/media?parent=68090"}],"wp:term":[{"taxonomy":"category","embeddable":true,"href":"https:\/\/www.silene.ong\/es\/wp-json\/wp\/v2\/categories?post=68090"},{"taxonomy":"post_tag","embeddable":true,"href":"https:\/\/www.silene.ong\/es\/wp-json\/wp\/v2\/tags?post=68090"}],"curies":[{"name":"wp","href":"https:\/\/api.w.org\/{rel}","templated":true}]}}