{"id":68173,"date":"2015-02-02T00:00:01","date_gmt":"2015-02-01T22:00:01","guid":{"rendered":"http:\/\/silene.idilicstudio.com\/?p=68173"},"modified":"2021-02-25T22:20:09","modified_gmt":"2021-02-25T21:20:09","slug":"congreso-anual-sociedad-internacional-etica-ambiental-titulo-etica-ambiental-accion-reflexion-kiel-alemania-23-25-julio-2015","status":"publish","type":"post","link":"https:\/\/www.silene.ong\/es\/noticias\/congreso-anual-sociedad-internacional-etica-ambiental-titulo-etica-ambiental-accion-reflexion-kiel-alemania-23-25-julio-2015","title":{"rendered":"Congreso Anual de la Sociedad Internacional de \u00c9tica Ambiental: \u00c9tica ambiental entre acci\u00f3n y reflexi\u00f3n"},"content":{"rendered":"<p>Del 23 al 25 de julio de 2015 la C\u00e1tedra de Filosof\u00eda y \u00c9tica de Medio Ambiente en la Universidad Christian Albrechts de Kiel (Alemania) ser\u00e1 el anfitri\u00f3n del congreso anual de la Sociedad Internacional de \u00c9tica Ambiental. El lema del congreso \u00ab\u00c9tica Ambiental, entre la acci\u00f3n y la reflexi\u00f3n\u00bb expresa la idea de que la \u00e9tica ambiental se puede entender que abarca dos v\u00edas de investigaci\u00f3n y razonamiento. Una ruta es pr\u00e1ctica: la \u00e9tica ambiental tiene como objetivo orientar la acci\u00f3n, partiendo de normas y principios morales, conceptos e ideas (por ejemplo, la sostenibilidad, la ecolog\u00eda profunda, de justicia ambiental) que los desarrolla en directrices, normas y objetivos para la su aplicaci\u00f3n pr\u00e1ctica y la formulaci\u00f3n de pol\u00edticas. La otra ruta es reflexiva: la \u00e9tica ambiental act\u00faa como puente entre los problemas pr\u00e1cticos vividos y las reflexiones conceptuales que les iluminan cr\u00edticamente de acuerdo con sus presupuestos.<\/p>\n<p>De esta manera esa ruta filos\u00f3fica se sumerge en preguntas meta\u00e9ticas, epistemol\u00f3gicas y ontol\u00f3gicas. A lo largo de dicha ruta reflexiva, los \u00e9ticos ambientales toman el papel tradicional de los fil\u00f3sofos. Ambas rutas son interdisciplinarias: Por una parte, en el objetivo de los argumentos de acci\u00f3n-gu\u00eda, la \u00e9tica ambiental se basa necesariamente en dict\u00e1menes motivados sobre qu\u00e9 y c\u00f3mo el mundo realmente es. Por otra parte, el an\u00e1lisis de los presupuestos de los diferentes tipos de argumentos que se utilizan en los discursos ambientales dirige la investigaci\u00f3n no s\u00f3lo en las vecinas disciplinas filos\u00f3ficas sino tambi\u00e9n en otras ciencias y las humanidades, como la ciencia pol\u00edtica, la antropolog\u00eda y la econom\u00eda.<\/p>\n<p>Para preguntas concretas pueden dirigirse a Lieske Voget-Kleschin en: voget-kleschin@philsem.uni-kiel.de<br \/>\nPara m\u00e1s informaci\u00f3n: <a href=\"http:\/\/www.isee2015.uni-kiel.de\/\" target=\"_blank\" rel=\"noopener\">International Society for Environmental Ethics<\/a>.<\/p>\n<!--themify_builder_content-->\n<div id=\"themify_builder_content-68173\" data-postid=\"68173\" class=\"themify_builder_content themify_builder_content-68173 themify_builder tf_clear\">\n    <\/div>\n<!--\/themify_builder_content-->\n","protected":false},"excerpt":{"rendered":"<p>Del 23 al 25 de julio de 2015 la C\u00e1tedra de Filosof\u00eda y \u00c9tica de Medio Ambiente en&#8230;<\/p>\n","protected":false},"author":21,"featured_media":77422,"comment_status":"closed","ping_status":"closed","sticky":false,"template":"","format":"standard","meta":{"_acf_changed":false,"footnotes":""},"categories":[132],"tags":[254,227,275],"class_list":["post-68173","post","type-post","status-publish","format-standard","has-post-thumbnail","hentry","category-noticias","tag-conservacion","tag-etica","tag-etica-es","has-post-title","has-post-date","has-post-category","has-post-tag","has-post-comment","has-post-author",""],"acf":[],"_links":{"self":[{"href":"https:\/\/www.silene.ong\/es\/wp-json\/wp\/v2\/posts\/68173","targetHints":{"allow":["GET"]}}],"collection":[{"href":"https:\/\/www.silene.ong\/es\/wp-json\/wp\/v2\/posts"}],"about":[{"href":"https:\/\/www.silene.ong\/es\/wp-json\/wp\/v2\/types\/post"}],"author":[{"embeddable":true,"href":"https:\/\/www.silene.ong\/es\/wp-json\/wp\/v2\/users\/21"}],"replies":[{"embeddable":true,"href":"https:\/\/www.silene.ong\/es\/wp-json\/wp\/v2\/comments?post=68173"}],"version-history":[{"count":4,"href":"https:\/\/www.silene.ong\/es\/wp-json\/wp\/v2\/posts\/68173\/revisions"}],"predecessor-version":[{"id":88935,"href":"https:\/\/www.silene.ong\/es\/wp-json\/wp\/v2\/posts\/68173\/revisions\/88935"}],"wp:featuredmedia":[{"embeddable":true,"href":"https:\/\/www.silene.ong\/es\/wp-json\/wp\/v2\/media\/77422"}],"wp:attachment":[{"href":"https:\/\/www.silene.ong\/es\/wp-json\/wp\/v2\/media?parent=68173"}],"wp:term":[{"taxonomy":"category","embeddable":true,"href":"https:\/\/www.silene.ong\/es\/wp-json\/wp\/v2\/categories?post=68173"},{"taxonomy":"post_tag","embeddable":true,"href":"https:\/\/www.silene.ong\/es\/wp-json\/wp\/v2\/tags?post=68173"}],"curies":[{"name":"wp","href":"https:\/\/api.w.org\/{rel}","templated":true}]}}