{"id":68187,"date":"2015-09-08T00:00:01","date_gmt":"2015-09-07T22:00:01","guid":{"rendered":"http:\/\/silene.idilicstudio.com\/?p=68187"},"modified":"2021-04-28T17:57:11","modified_gmt":"2021-04-28T16:57:11","slug":"primero-septiembre-dia-oracion-cuidado-creacion-septiembre-2015","status":"publish","type":"post","link":"https:\/\/www.silene.ong\/es\/noticias\/primero-septiembre-dia-oracion-cuidado-creacion-septiembre-2015","title":{"rendered":"1 de Septiembre: D\u00eda de oraci\u00f3n cristiana para el cuidado de la Creaci\u00f3n"},"content":{"rendered":"<p>En su audiencia general semanal el mi\u00e9rcoles 26 agosto de 2015, el Papa Francisco declar\u00f3 que el primero de Septiembre, ser\u00e1 el primer D\u00eda Mundial de Oraci\u00f3n para el Cuidado de la Creaci\u00f3n para la Iglesia Cat\u00f3lica. En su reciente enc\u00edclica <i>Laudato si<\/i> &#8216; (sobre el cuidado de nuestra casa com\u00fan) llam\u00f3 la atenci\u00f3n sobre la urgente necesidad de la reconciliaci\u00f3n con la creaci\u00f3n. Francisco dijo que \u00abEl D\u00eda Mundial de Oraci\u00f3n para el Cuidado de la Creaci\u00f3n ofrece a los creyentes y a las comunidades una oportunidad para reafirmar su vocaci\u00f3n personal para ser administradores de la creaci\u00f3n, para agradecer a Dios la maravillosa obra que ha confiado a nuestro cuidado, y para implorar su ayuda para la protecci\u00f3n de la Creaci\u00f3n, as\u00ed como su perd\u00f3n por los pecados cometidos contra el mundo en que vivimos\u00bb.<\/p>\n<p>La decisi\u00f3n del Papa Francisco sigue la pr\u00e1ctica instituida el a\u00f1o 1991 por el Patriarca Ecum\u00e9nico Bartolom\u00e9, que posteriormente fue adoptado por todas las Iglesias ortodoxas. El Patriarca Ecum\u00e9nico Bartolom\u00e9 es el l\u00edder de la iglesia cristiana que ha ganado m\u00e1s reconocimiento por las iniciativas que ha impulsado para enfrentar los imperativos teol\u00f3gicos, \u00e9ticos y pr\u00e1cticos de los retos ambientales de nuestro tiempo. Bartolom\u00e9 ha puesto el cuidado del medio ambiente al frente de la agenda de su Iglesia, por lo que ha recibido numerosos premios adem\u00e1s del t\u00edtulo popular de \u00abPatriarca Verde\u00bb. \u00a0El primero de septiembre tambi\u00e9n marca el comienzo del a\u00f1o lit\u00fargico en las Iglesias ortodoxas.<\/p>\n<p>&gt; <i><a href=\"http:\/\/www.silene.es\/resultado.asp?Busqueda=2&amp;IdDocumento=336&amp;IdAmbito=5\" target=\"_blank\" rel=\"noopener\">Laudato si\u2019. Sobre el cuidado de la casa com\u00fan<\/a>&gt;&gt; <a href=\"http:\/\/www.silene.es\/resultado.asp?Busqueda=2&amp;IdDocumento=340&amp;IdAmbito=7\" target=\"_blank\" rel=\"noopener\">The Green Patriarch<\/a><\/i><\/p>\n<!--themify_builder_content-->\n<div id=\"themify_builder_content-68187\" data-postid=\"68187\" class=\"themify_builder_content themify_builder_content-68187 themify_builder tf_clear\">\n    <\/div>\n<!--\/themify_builder_content-->\n","protected":false},"excerpt":{"rendered":"<p>En su audiencia general semanal el mi\u00e9rcoles 26 agosto de 2015, el Papa Francisco declar\u00f3 que el primero&#8230;<\/p>\n","protected":false},"author":21,"featured_media":73460,"comment_status":"closed","ping_status":"closed","sticky":false,"template":"","format":"standard","meta":{"_acf_changed":false,"footnotes":""},"categories":[132],"tags":[312,300],"class_list":["post-68187","post","type-post","status-publish","format-standard","has-post-thumbnail","hentry","category-noticias","tag-cristianismo","tag-valores-espirituales","has-post-title","has-post-date","has-post-category","has-post-tag","has-post-comment","has-post-author",""],"acf":[],"_links":{"self":[{"href":"https:\/\/www.silene.ong\/es\/wp-json\/wp\/v2\/posts\/68187","targetHints":{"allow":["GET"]}}],"collection":[{"href":"https:\/\/www.silene.ong\/es\/wp-json\/wp\/v2\/posts"}],"about":[{"href":"https:\/\/www.silene.ong\/es\/wp-json\/wp\/v2\/types\/post"}],"author":[{"embeddable":true,"href":"https:\/\/www.silene.ong\/es\/wp-json\/wp\/v2\/users\/21"}],"replies":[{"embeddable":true,"href":"https:\/\/www.silene.ong\/es\/wp-json\/wp\/v2\/comments?post=68187"}],"version-history":[{"count":6,"href":"https:\/\/www.silene.ong\/es\/wp-json\/wp\/v2\/posts\/68187\/revisions"}],"predecessor-version":[{"id":103606,"href":"https:\/\/www.silene.ong\/es\/wp-json\/wp\/v2\/posts\/68187\/revisions\/103606"}],"wp:featuredmedia":[{"embeddable":true,"href":"https:\/\/www.silene.ong\/es\/wp-json\/"}],"wp:attachment":[{"href":"https:\/\/www.silene.ong\/es\/wp-json\/wp\/v2\/media?parent=68187"}],"wp:term":[{"taxonomy":"category","embeddable":true,"href":"https:\/\/www.silene.ong\/es\/wp-json\/wp\/v2\/categories?post=68187"},{"taxonomy":"post_tag","embeddable":true,"href":"https:\/\/www.silene.ong\/es\/wp-json\/wp\/v2\/tags?post=68187"}],"curies":[{"name":"wp","href":"https:\/\/api.w.org\/{rel}","templated":true}]}}