{"id":68215,"date":"2016-07-26T00:00:01","date_gmt":"2016-07-25T22:00:01","guid":{"rendered":"http:\/\/silene.idilicstudio.com\/?p=68215"},"modified":"2021-12-18T22:55:44","modified_gmt":"2021-12-18T21:55:44","slug":"primera-reunion-tematica-iniciativa-unesco-bienes-patrimonio-mundial-interes-religioso-paris-16-18-febrero-2016","status":"publish","type":"post","link":"https:\/\/www.silene.ong\/es\/noticias\/primera-reunion-tematica-iniciativa-unesco-bienes-patrimonio-mundial-interes-religioso-paris-16-18-febrero-2016","title":{"rendered":"Reuni\u00f3n tem\u00e1tica de la Iniciativa sobre bienes del patrimonio mundial de inter\u00e9s religioso de UNESCO"},"content":{"rendered":"<p>La primera reuni\u00f3n de expertos consultiva dedicada a la <strong>gesti\u00f3n sostenible de los bienes del patrimonio mundial de inter\u00e9s religioso<\/strong>, se centr\u00f3 en el \u00e1mbito del Mediterr\u00e1neo y la Europa sudoriental, y se llev\u00f3 a cabo en la sede de UNESCO en Par\u00eds, del 16 al 18 de febrero de 2016, gracias al apoyo del gobierno de Bulgaria.<\/p>\n<p>Los expertos designados por los Estados Parte de la regi\u00f3n (Albania, Bosnia y Herzegovina, Bulgaria, Croacia, Chipre, Francia, Grecia, Santa Sede, Israel, Italia, Montenegro, Serbia, Espa\u00f1a, Turqu\u00eda) presentaron sus estudios de caso para ilustrar los principales retos en materia de gobernanza, gesti\u00f3n y uso de los sitios del patrimonio mundial de inter\u00e9s religioso. Los representantes de las comunidades religiosas que viven, gestionan o usan sitios del patrimonio mundial tambi\u00e9n fueron invitados a participar en la reuni\u00f3n, donde presentaron ejemplos de la participaci\u00f3n de las comunidades religiosas en la gesti\u00f3n de los sitios del patrimonio mundial.<\/p>\n<p>Esta reuni\u00f3n, promovida por el Centro del Patrimonio Mundial conjuntamente con sus \u00f3rganos consultivos, UICN y ICOMOS, ten\u00eda el prop\u00f3sito de contribuir al desarrollo de un Documento tem\u00e1tico para proponer orientaciones generales a los Estados parte de la Convenci\u00f3n de Patrimonio Mundial en cuanto a la gesti\u00f3n de su patrimonio cultural y natural de inter\u00e9s religioso, de acuerdo con sus especificidades nacionales, tal como hab\u00eda solicitado el Comit\u00e9 del Patrimonio Mundial. Se invit\u00f3 a los participantes de la reuni\u00f3n a tratar asuntos relevantes y desarrollar una propuesta de recomendaciones que fue adoptada en la sesi\u00f3n de clausura.<\/p>\n<p>El Dr. Josep-Maria Mallarach, miembro del Comit\u00e9 Directivo del Grupo Especialista en Valores Culturales y Espirituales de las \u00c1reas Protegidas, que ha representado a la UICN en la Iniciativa de UNESCO para los Sitios de Inter\u00e9s Religioso desde 2011, particip\u00f3 activamente en la reuni\u00f3n, as\u00ed como en su preparaci\u00f3n desde octubre de 2015.<\/p>\n<p>Esta reuni\u00f3n se espera que sirva como modelo para futuras consultas regionales en apoyo de la labor de la UNESCO para aplicar las decisiones del Comit\u00e9 del Patrimonio Mundial sobre el patrimonio de inter\u00e9s religioso.<\/p>\n<p>M\u00e1s informaci\u00f3n:<a href=\"http:\/\/whc.unesco.org\/en\/religious-sacred-heritage\/\" target=\"_blank\" rel=\"noopener\">Initiative on Heritage of Religious Interest \u2013 UNESCO\u00a0<\/a><a href=\"http:\/\/whc.unesco.org\/en\/activities\/863\/\" target=\"_blank\" rel=\"noopener\">Regional Thematic Consultations<\/a><\/p>\n<!--themify_builder_content-->\n<div id=\"themify_builder_content-68215\" data-postid=\"68215\" class=\"themify_builder_content themify_builder_content-68215 themify_builder tf_clear\">\n    <\/div>\n<!--\/themify_builder_content-->\n","protected":false},"excerpt":{"rendered":"<p>La primera reuni\u00f3n de expertos consultiva dedicada a la gesti\u00f3n sostenible de los bienes del patrimonio mundial de&#8230;<\/p>\n","protected":false},"author":21,"featured_media":75227,"comment_status":"closed","ping_status":"closed","sticky":false,"template":"","format":"standard","meta":{"_acf_changed":false,"footnotes":""},"categories":[132],"tags":[287,293],"class_list":["post-68215","post","type-post","status-publish","format-standard","has-post-thumbnail","hentry","category-noticias","tag-patrimonio","tag-tradiciones-espirituales","has-post-title","has-post-date","has-post-category","has-post-tag","has-post-comment","has-post-author",""],"acf":[],"_links":{"self":[{"href":"https:\/\/www.silene.ong\/es\/wp-json\/wp\/v2\/posts\/68215","targetHints":{"allow":["GET"]}}],"collection":[{"href":"https:\/\/www.silene.ong\/es\/wp-json\/wp\/v2\/posts"}],"about":[{"href":"https:\/\/www.silene.ong\/es\/wp-json\/wp\/v2\/types\/post"}],"author":[{"embeddable":true,"href":"https:\/\/www.silene.ong\/es\/wp-json\/wp\/v2\/users\/21"}],"replies":[{"embeddable":true,"href":"https:\/\/www.silene.ong\/es\/wp-json\/wp\/v2\/comments?post=68215"}],"version-history":[{"count":6,"href":"https:\/\/www.silene.ong\/es\/wp-json\/wp\/v2\/posts\/68215\/revisions"}],"predecessor-version":[{"id":80523,"href":"https:\/\/www.silene.ong\/es\/wp-json\/wp\/v2\/posts\/68215\/revisions\/80523"}],"wp:featuredmedia":[{"embeddable":true,"href":"https:\/\/www.silene.ong\/es\/wp-json\/wp\/v2\/media\/75227"}],"wp:attachment":[{"href":"https:\/\/www.silene.ong\/es\/wp-json\/wp\/v2\/media?parent=68215"}],"wp:term":[{"taxonomy":"category","embeddable":true,"href":"https:\/\/www.silene.ong\/es\/wp-json\/wp\/v2\/categories?post=68215"},{"taxonomy":"post_tag","embeddable":true,"href":"https:\/\/www.silene.ong\/es\/wp-json\/wp\/v2\/tags?post=68215"}],"curies":[{"name":"wp","href":"https:\/\/api.w.org\/{rel}","templated":true}]}}