{"id":68238,"date":"2016-10-04T00:00:01","date_gmt":"2016-10-03T22:00:01","guid":{"rendered":"http:\/\/silene.idilicstudio.com\/?p=68238"},"modified":"2021-02-20T09:44:35","modified_gmt":"2021-02-20T08:44:35","slug":"espiritualidad-conservacion-naturaleza-congreso-mundial-conservacion-naturaleza-uicn-hawai-1-10-septiembre-2016","status":"publish","type":"post","link":"https:\/\/www.silene.ong\/es\/noticias\/espiritualidad-conservacion-naturaleza-congreso-mundial-conservacion-naturaleza-uicn-hawai-1-10-septiembre-2016","title":{"rendered":"Espiritualidad y Conservaci\u00f3n de la Naturaleza en el Congreso Mundial de la Naturaleza de UICN"},"content":{"rendered":"<p>Del 1 al 10 de setiembre se ha celebrado en Haw\u00e1i el Congreso Mundial de la UICN, un evento que se celebra cada cuatro a\u00f1os. \u00a0En el documento final, \u201cLos Compromisos de Haw\u00e1i\u201d hay que destacar el hecho de que la primera oportunidad que se indica para fortalecer la cultura de conservaci\u00f3n de la naturaleza es la de <b>\u201cEstablecer nexos entre la espiritualidad, la religi\u00f3n, la cultura y la conservaci\u00f3n<\/b><\/p>\n<p>El redactado de este objetivo estrat\u00e9gico es el siguiente: \u00ab<em>Las numerosas y diversas culturas y tradiciones religiosas existentes en el mundo son una fuente primordial de nuestros valores \u00e9ticos, y muestran diversos modos de valorar la naturaleza. Pueden contribuir a inspirar las profundas transformaciones necesarias en los sistemas sociales dominantes y orientar el uso adecuado de la tecnolog\u00eda. La sabidur\u00eda de las tradiciones ind\u00edgenas es de especial importancia a medida que empezamos a reaprender c\u00f3mo vivir en relaci\u00f3n con el mundo natural, en lugar de dominarlo. La Carta Enc\u00edclica Laudato Si\u2019, la Declaraci\u00f3n Isl\u00e1mica sobre el Cambio Clim\u00e1tico Global y la Declaraci\u00f3n Interconfesional sobre el Cambio Clim\u00e1tico a los dirigentes mundiales, entre muchas otras declaraciones de las religiones del mundo, esclarecen su interconexi\u00f3n con las acciones y los valores ecol\u00f3gicos<\/em>\u201d.<\/p>\n<p>Y cuando se indican soluciones, el mismo documento indica: \u201c<em>Para fortalecer la cultura de la conservaci\u00f3n, tenemos que ver m\u00e1s all\u00e1 de los medios puramente t\u00e9cnicos. Los valores y la sabidur\u00eda de los pueblos ind\u00edgenas, de los mayores y de las diversas comunidades religiosas y espirituales del mundo nos permiten comprender m\u00e1s profundamente nuestros lazos con la naturaleza. Para incorporar estos aspectos, los l\u00edderes espirituales y la comunidad de la conservaci\u00f3n deben reunirse para compartir los valores que nos unen. Artistas, educadores e innovadores pueden asimismo contribuir a esta visi\u00f3n m\u00e1s amplia<\/em>\u201d.<\/p>\n<p>El documento est\u00e1 disponible en las tres lenguas oficiales de UICN: espa\u00f1ol, franc\u00e9s e ingl\u00e9s.<\/p>\n<p>Si quiere m\u00e1s informaci\u00f3n y descargar el documento puede acceder a:<br \/>\n&gt;&gt; <a href=\"http:\/\/portals.iucn.org\/congress\/es\/hawaii-commitments\" target=\"_blank\" rel=\"noopener\">Los Compromisos de Haw\u00e1i &#8211; Congreso Mundial de la Naturaleza, Hawai&#8217;i 2016<\/a><\/p>\n<!--themify_builder_content-->\n<div id=\"themify_builder_content-68238\" data-postid=\"68238\" class=\"themify_builder_content themify_builder_content-68238 themify_builder tf_clear\">\n    <\/div>\n<!--\/themify_builder_content-->\n","protected":false},"excerpt":{"rendered":"<p>Del 1 al 10 de setiembre se ha celebrado en Haw\u00e1i el Congreso Mundial de la UICN, un&#8230;<\/p>\n","protected":false},"author":21,"featured_media":75212,"comment_status":"closed","ping_status":"closed","sticky":false,"template":"","format":"standard","meta":{"_acf_changed":false,"footnotes":""},"categories":[132],"tags":[254,275,300],"class_list":["post-68238","post","type-post","status-publish","format-standard","has-post-thumbnail","hentry","category-noticias","tag-conservacion","tag-etica-es","tag-valores-espirituales","has-post-title","has-post-date","has-post-category","has-post-tag","has-post-comment","has-post-author",""],"acf":[],"_links":{"self":[{"href":"https:\/\/www.silene.ong\/es\/wp-json\/wp\/v2\/posts\/68238","targetHints":{"allow":["GET"]}}],"collection":[{"href":"https:\/\/www.silene.ong\/es\/wp-json\/wp\/v2\/posts"}],"about":[{"href":"https:\/\/www.silene.ong\/es\/wp-json\/wp\/v2\/types\/post"}],"author":[{"embeddable":true,"href":"https:\/\/www.silene.ong\/es\/wp-json\/wp\/v2\/users\/21"}],"replies":[{"embeddable":true,"href":"https:\/\/www.silene.ong\/es\/wp-json\/wp\/v2\/comments?post=68238"}],"version-history":[{"count":5,"href":"https:\/\/www.silene.ong\/es\/wp-json\/wp\/v2\/posts\/68238\/revisions"}],"predecessor-version":[{"id":79305,"href":"https:\/\/www.silene.ong\/es\/wp-json\/wp\/v2\/posts\/68238\/revisions\/79305"}],"wp:featuredmedia":[{"embeddable":true,"href":"https:\/\/www.silene.ong\/es\/wp-json\/wp\/v2\/media\/75212"}],"wp:attachment":[{"href":"https:\/\/www.silene.ong\/es\/wp-json\/wp\/v2\/media?parent=68238"}],"wp:term":[{"taxonomy":"category","embeddable":true,"href":"https:\/\/www.silene.ong\/es\/wp-json\/wp\/v2\/categories?post=68238"},{"taxonomy":"post_tag","embeddable":true,"href":"https:\/\/www.silene.ong\/es\/wp-json\/wp\/v2\/tags?post=68238"}],"curies":[{"name":"wp","href":"https:\/\/api.w.org\/{rel}","templated":true}]}}