{"id":77163,"date":"2018-09-13T16:46:23","date_gmt":"2018-09-13T15:46:23","guid":{"rendered":"https:\/\/www.silene.ong\/sin-categorizar\/seminario-internacional-connecting-natural-cultural-heritage"},"modified":"2021-02-19T23:06:59","modified_gmt":"2021-02-19T22:06:59","slug":"seminario-internacional-connecting-natural-cultural-heritage","status":"publish","type":"post","link":"https:\/\/www.silene.ong\/es\/noticias\/seminario-internacional-connecting-natural-cultural-heritage","title":{"rendered":"Seminario Internacional Connectando el Patrimonio Natural y Cultural"},"content":{"rendered":"<p>El Campus de Patrimoni Cultural i Natural, junto con el M\u00e0ster en Patrimoni, organizaron los d\u00edas 4 y 5 de octubre de 2018, en la Universitat de Girona, un seminario internacional para conocer, a trav\u00e9s de algunos de sus principales promotores, el proyecto &#8216;<em>Connecting Practice<\/em>&#8216; y la aplicabilidad de la gesti\u00f3n integrada del patrimonio natural y cultural.<\/p>\n<p>Connecting Practice es una iniciativa conjunta de la UICN y el ICOMOS, nacida en 2013 en el marco del Programa del Patrimonio Mundial de la UNESCO, con el objetivo de explorar y desarrollar herramientas y metodolog\u00edas efectivas para la evaluaci\u00f3n y la gesti\u00f3n conjunta del patrimonio natural y cultural en el seno de este programa, con posibles aplicaciones m\u00e1s all\u00e1.<\/p>\n<p>Despu\u00e9s de dos fases, el proyecto hab\u00eda finalizado. En vistas a la posible tercera fase, este seminario pretende conocer en profundidad esta iniciativa y explorar sus posibles aplicaciones en Catalunya. Josep-Maria Mallarach, presidente de la Asociaci\u00f3n Silene, presidi\u00f3 la mesa redonda dedicada a debatir los retos y oportunidades para conectar el patrimonio natural y cultural.<\/p>\n<p>Para acceder al sitio web del Seminario Internacional:<em>\u00a0<a href=\"http:\/\/diobma.udg.edu\/handle\/10256.1\/5348\" target=\"_blank\" rel=\"noopener\">La documentaci\u00f3n est\u00e1 disponible aqu\u00ed<\/a><\/em><\/p>\n<!--themify_builder_content-->\n<div id=\"themify_builder_content-77163\" data-postid=\"77163\" class=\"themify_builder_content themify_builder_content-77163 themify_builder tf_clear\">\n    <\/div>\n<!--\/themify_builder_content-->\n","protected":false},"excerpt":{"rendered":"<p>El Campus de Patrimoni Cultural i Natural, junto con el M\u00e0ster en Patrimoni, organizaron los d\u00edas 4 y&#8230;<\/p>\n","protected":false},"author":7,"featured_media":72925,"comment_status":"closed","ping_status":"closed","sticky":false,"template":"","format":"standard","meta":{"_acf_changed":false,"footnotes":""},"categories":[132],"tags":[],"class_list":["post-77163","post","type-post","status-publish","format-standard","has-post-thumbnail","hentry","category-noticias","has-post-title","has-post-date","has-post-category","has-post-tag","has-post-comment","has-post-author",""],"acf":[],"_links":{"self":[{"href":"https:\/\/www.silene.ong\/es\/wp-json\/wp\/v2\/posts\/77163","targetHints":{"allow":["GET"]}}],"collection":[{"href":"https:\/\/www.silene.ong\/es\/wp-json\/wp\/v2\/posts"}],"about":[{"href":"https:\/\/www.silene.ong\/es\/wp-json\/wp\/v2\/types\/post"}],"author":[{"embeddable":true,"href":"https:\/\/www.silene.ong\/es\/wp-json\/wp\/v2\/users\/7"}],"replies":[{"embeddable":true,"href":"https:\/\/www.silene.ong\/es\/wp-json\/wp\/v2\/comments?post=77163"}],"version-history":[{"count":8,"href":"https:\/\/www.silene.ong\/es\/wp-json\/wp\/v2\/posts\/77163\/revisions"}],"predecessor-version":[{"id":82973,"href":"https:\/\/www.silene.ong\/es\/wp-json\/wp\/v2\/posts\/77163\/revisions\/82973"}],"wp:featuredmedia":[{"embeddable":true,"href":"https:\/\/www.silene.ong\/es\/wp-json\/wp\/v2\/media\/72925"}],"wp:attachment":[{"href":"https:\/\/www.silene.ong\/es\/wp-json\/wp\/v2\/media?parent=77163"}],"wp:term":[{"taxonomy":"category","embeddable":true,"href":"https:\/\/www.silene.ong\/es\/wp-json\/wp\/v2\/categories?post=77163"},{"taxonomy":"post_tag","embeddable":true,"href":"https:\/\/www.silene.ong\/es\/wp-json\/wp\/v2\/tags?post=77163"}],"curies":[{"name":"wp","href":"https:\/\/api.w.org\/{rel}","templated":true}]}}