{"id":78707,"date":"2018-08-04T08:34:42","date_gmt":"2018-08-04T07:34:42","guid":{"rendered":"https:\/\/www.silene.ong\/sin-categorizar\/simposio-sobre-ecosofia-y-la-intuicion-comoteandrica-segun-raimon-panikkar"},"modified":"2021-02-25T08:52:12","modified_gmt":"2021-02-25T07:52:12","slug":"simposio-sobre-ecosofia-y-la-intuicion-comoteandrica-segun-raimon-panikkar","status":"publish","type":"post","link":"https:\/\/www.silene.ong\/es\/noticias\/simposio-sobre-ecosofia-y-la-intuicion-comoteandrica-segun-raimon-panikkar","title":{"rendered":"Simposio sobre ecosof\u00eda y la intuici\u00f3n comote\u00e1ndrica seg\u00fan Raimon Panikkar"},"content":{"rendered":"<p>La Fundaci\u00f3n Valors Humans organiza un simposio sobre \u00abEcosof\u00eda y la intuici\u00f3n cosmote\u00e1ndrica de Raimon Panikkar\u00bb en la Casa de Espiritualidad San Felipe Neri, en Barcelona, \u200b\u200bel 1 y 2 de septiembre. Participar\u00e1n en la mesa los doctores \u00c0ngels Canadell, Josep Maria Mallarach, Xavier Melloni y Jordi Pigem, con la moderaci\u00f3n de Xavier Perarnau.<\/p>\n<p>La conferencia y mesa redonda (en catal\u00e1n) forma parte del conjunto de eventos organizados en Catalu\u00f1a con motivo del centenario del nacimiento del fil\u00f3sofo, cient\u00edfico y te\u00f3logo Raimon Panikkar i Alamany.<\/p>\n<p>M\u00e1s informaci\u00f3n: Oficial web site of Raimon Panikkar.<\/p>\n<p><a href=\"http:\/\/casaespiritualitat.barcelona\/wp-content\/uploads\/2018\/06\/SIMPOSI-PANIKKAR.pdf\">El Programa est\u00e1 disponible aqu\u00ed<\/a><\/p>\n<p>El resumen de la presentaci\u00f3n de Josep Maria Mallarach, de la Asociaci\u00f3n Silene est\u00e1 disponible como archivo adjunto (en catal\u00e1n).<\/p>\n<!--themify_builder_content-->\n<div id=\"themify_builder_content-78707\" data-postid=\"78707\" class=\"themify_builder_content themify_builder_content-78707 themify_builder tf_clear\">\n    <\/div>\n<!--\/themify_builder_content-->\n","protected":false},"excerpt":{"rendered":"<p>La Fundaci\u00f3n Valors Humans organiza un simposio sobre \u00abEcosof\u00eda y la intuici\u00f3n cosmote\u00e1ndrica de Raimon Panikkar\u00bb en la&#8230;<\/p>\n","protected":false},"author":7,"featured_media":75055,"comment_status":"closed","ping_status":"closed","sticky":false,"template":"","format":"standard","meta":{"_acf_changed":false,"footnotes":""},"categories":[132],"tags":[],"class_list":["post-78707","post","type-post","status-publish","format-standard","has-post-thumbnail","hentry","category-noticias","has-post-title","has-post-date","has-post-category","has-post-tag","has-post-comment","has-post-author",""],"acf":[],"_links":{"self":[{"href":"https:\/\/www.silene.ong\/es\/wp-json\/wp\/v2\/posts\/78707","targetHints":{"allow":["GET"]}}],"collection":[{"href":"https:\/\/www.silene.ong\/es\/wp-json\/wp\/v2\/posts"}],"about":[{"href":"https:\/\/www.silene.ong\/es\/wp-json\/wp\/v2\/types\/post"}],"author":[{"embeddable":true,"href":"https:\/\/www.silene.ong\/es\/wp-json\/wp\/v2\/users\/7"}],"replies":[{"embeddable":true,"href":"https:\/\/www.silene.ong\/es\/wp-json\/wp\/v2\/comments?post=78707"}],"version-history":[{"count":6,"href":"https:\/\/www.silene.ong\/es\/wp-json\/wp\/v2\/posts\/78707\/revisions"}],"predecessor-version":[{"id":92740,"href":"https:\/\/www.silene.ong\/es\/wp-json\/wp\/v2\/posts\/78707\/revisions\/92740"}],"wp:featuredmedia":[{"embeddable":true,"href":"https:\/\/www.silene.ong\/es\/wp-json\/wp\/v2\/media\/75055"}],"wp:attachment":[{"href":"https:\/\/www.silene.ong\/es\/wp-json\/wp\/v2\/media?parent=78707"}],"wp:term":[{"taxonomy":"category","embeddable":true,"href":"https:\/\/www.silene.ong\/es\/wp-json\/wp\/v2\/categories?post=78707"},{"taxonomy":"post_tag","embeddable":true,"href":"https:\/\/www.silene.ong\/es\/wp-json\/wp\/v2\/tags?post=78707"}],"curies":[{"name":"wp","href":"https:\/\/api.w.org\/{rel}","templated":true}]}}