{"id":78818,"date":"2019-04-04T16:22:00","date_gmt":"2019-04-04T15:22:00","guid":{"rendered":"https:\/\/www.silene.ong\/sin-categorizar\/congreso-internacional-sobre-el-bien-comun-en-nuestros-mares-comunes"},"modified":"2021-02-19T05:11:13","modified_gmt":"2021-02-19T04:11:13","slug":"congreso-internacional-sobre-el-bien-comun-en-nuestros-mares-comunes","status":"publish","type":"post","link":"https:\/\/www.silene.ong\/es\/noticias\/congreso-internacional-sobre-el-bien-comun-en-nuestros-mares-comunes","title":{"rendered":"Congreso internacional sobre el bien com\u00fan en nuestros mares comunes"},"content":{"rendered":"<p><span class=\"tlid-translation translation\">Varias organizaciones cat\u00f3licas se han unido con otras iglesias cristianas para celebrar y discutir la vida cerca y dentro de los mares que son un patrimonio com\u00fan de toda la humanidad. Este congreso proviene de un planteamiento religioso y se basa en el enfoque integral que promueve la carta enc\u00edclica \u00abLaudati si\u00bb del Papa Francisco (2015), seguida de la aprobaci\u00f3n de los Objetivos de Desarrollo Sostenibles de la ONU. Con este enfoque, se abordar\u00e1n los temas desde diversas perspectivas, como la teolog\u00eda, la pol\u00edtica, los derechos humanos, la ecolog\u00eda, los negocios y la industria.<\/span><\/p>\n<p><span class=\"tlid-translation translation\">En la antigua capital mar\u00edtima de Copenhague, un di\u00e1logo enriquecedor y transversal agrupar\u00e1 actores clave de todos los sectores, escuchar\u00e1 sus visiones, difundir\u00e1 conocimientos, compartir\u00e1 retos y esperanzas. Al hacerlo, el congreso quiere aportar una contribuci\u00f3n inspiradora a un di\u00e1logo m\u00e1s amplio y sostenido, tan necesario sobre nuestros mares comunes; este di\u00e1logo debe tener lugar con un enfoque integral y tambi\u00e9n debe tener en cuenta la sabidur\u00eda y los principios genuinos de las comunidades religiosas. El evento dar\u00e1 a los participantes conocimientos y herramientas concretas para llevarse a casa, en sus di\u00f3cesis y parroquias.<\/span><\/p>\n<p><span class=\"tlid-translation translation\">Organizadores: Justitia et Pax Dinamarca, Justicia y Paz Europa, el Dicasterio para la promoci\u00f3n del desarrollo humano integral, el Movimiento clim\u00e1tico cat\u00f3lico global y Stella Maris \/ Apostolado del mar.<\/span><\/p>\n<!--themify_builder_content-->\n<div id=\"themify_builder_content-78818\" data-postid=\"78818\" class=\"themify_builder_content themify_builder_content-78818 themify_builder tf_clear\">\n    <\/div>\n<!--\/themify_builder_content-->\n","protected":false},"excerpt":{"rendered":"<p>Varias organizaciones cat\u00f3licas se han unido con otras iglesias cristianas para celebrar y discutir la vida cerca y&#8230;<\/p>\n","protected":false},"author":7,"featured_media":76907,"comment_status":"closed","ping_status":"closed","sticky":false,"template":"","format":"standard","meta":{"_acf_changed":false,"footnotes":""},"categories":[132],"tags":[260,312,293],"class_list":["post-78818","post","type-post","status-publish","format-standard","has-post-thumbnail","hentry","category-noticias","tag-crisis-ecologica","tag-cristianismo","tag-tradiciones-espirituales","has-post-title","has-post-date","has-post-category","has-post-tag","has-post-comment","has-post-author",""],"acf":[],"_links":{"self":[{"href":"https:\/\/www.silene.ong\/es\/wp-json\/wp\/v2\/posts\/78818","targetHints":{"allow":["GET"]}}],"collection":[{"href":"https:\/\/www.silene.ong\/es\/wp-json\/wp\/v2\/posts"}],"about":[{"href":"https:\/\/www.silene.ong\/es\/wp-json\/wp\/v2\/types\/post"}],"author":[{"embeddable":true,"href":"https:\/\/www.silene.ong\/es\/wp-json\/wp\/v2\/users\/7"}],"replies":[{"embeddable":true,"href":"https:\/\/www.silene.ong\/es\/wp-json\/wp\/v2\/comments?post=78818"}],"version-history":[{"count":3,"href":"https:\/\/www.silene.ong\/es\/wp-json\/wp\/v2\/posts\/78818\/revisions"}],"predecessor-version":[{"id":81645,"href":"https:\/\/www.silene.ong\/es\/wp-json\/wp\/v2\/posts\/78818\/revisions\/81645"}],"wp:featuredmedia":[{"embeddable":true,"href":"https:\/\/www.silene.ong\/es\/wp-json\/wp\/v2\/media\/76907"}],"wp:attachment":[{"href":"https:\/\/www.silene.ong\/es\/wp-json\/wp\/v2\/media?parent=78818"}],"wp:term":[{"taxonomy":"category","embeddable":true,"href":"https:\/\/www.silene.ong\/es\/wp-json\/wp\/v2\/categories?post=78818"},{"taxonomy":"post_tag","embeddable":true,"href":"https:\/\/www.silene.ong\/es\/wp-json\/wp\/v2\/tags?post=78818"}],"curies":[{"name":"wp","href":"https:\/\/api.w.org\/{rel}","templated":true}]}}